{"id":65655,"date":"2025-11-04T10:55:35","date_gmt":"2025-11-04T07:55:35","guid":{"rendered":"https:\/\/www.egemtv.com\/?p=65655"},"modified":"2025-11-04T10:55:36","modified_gmt":"2025-11-04T07:55:36","slug":"didim-belediyesi-kadin-meclisi-kasim-ayinda-ilk-toplantisini-gerceklestirdi","status":"publish","type":"post","link":"https:\/\/www.egemtv.com\/?p=65655","title":{"rendered":"Didim Belediyesi Kad\u0131n Meclisi, Kas\u0131m ay\u0131nda ilk toplant\u0131s\u0131n\u0131 ger\u00e7ekle\u015ftirdi"},"content":{"rendered":"<p>Ayd\u0131n\u2019\u0131n Didim il\u00e7esinde kad\u0131nlar\u0131n karar alma s\u00fcre\u00e7lerine kat\u0131l\u0131m\u0131n\u0131 art\u0131rmak, toplumsal e\u015fitli\u011fi g\u00fc\u00e7lendirmek ve kad\u0131nlar\u0131n ya\u015fam\u0131n her alan\u0131nda daha etkin rol almas\u0131n\u0131 sa\u011flamak amac\u0131yla, Didim Belediye Ba\u015fkan\u0131 Hatice Gen\u00e7ay\u2019\u0131n \u00f6nc\u00fcl\u00fc\u011f\u00fcnde kurulan Didim Belediyesi Kad\u0131n Meclisi Kas\u0131m ay\u0131 toplant\u0131s\u0131nda ilk kez bir araya geldi.<\/p>\n<p>\u00d6n\u00fcm\u00fczdeki d\u00f6nemde hayata ge\u00e7irilecek \u00e7al\u0131\u015fmalarla kad\u0131nlar\u0131n sesini daha g\u00fcr duyurmay\u0131 ve dayan\u0131\u015fma ruhunu b\u00fcy\u00fctmeyi hedefleyen Didim Belediyesi Kad\u0131n Meclisi topland\u0131. Toplant\u0131, Didim Belediyesi Gen\u00e7lik Merkezi &amp; D\u0130GEM Sanat Akademisi\u2019nde ger\u00e7ekle\u015ftirildi. Programa Belediye Ba\u015fkan Vekili Sevil \u015eahin, Belediye Ba\u015fkan Yard\u0131mc\u0131s\u0131 Aydan A\u015f\u0131k Turgut ve Kad\u0131n Meclisi \u00fcyeleri kat\u0131ld\u0131. Kas\u0131m ay\u0131 toplant\u0131s\u0131nda Kad\u0131n Meclisi \u00fcyeleri, meclis ba\u015fkan\u0131 ve katip \u00fcyelerini belirledi. Ayr\u0131ca Didim\u2019de kad\u0131n dayan\u0131\u015fmas\u0131n\u0131 g\u00fc\u00e7lendirecek, \u00fcretim ve payla\u015f\u0131m temelli projelerin geli\u015ftirilmesi konusunda fikir al\u0131\u015fveri\u015finde bulunuldu.<br \/><\/p>\n","protected":false},"excerpt":{"rendered":"<p>Ayd\u0131n\u2019\u0131n Didim il\u00e7esinde kad\u0131nlar\u0131n karar alma s\u00fcre\u00e7lerine kat\u0131l\u0131m\u0131n\u0131 art\u0131rmak, toplumsal e\u015fitli\u011fi g\u00fc\u00e7lendirmek ve kad\u0131nlar\u0131n ya\u015fam\u0131n her alan\u0131nda daha etkin rol almas\u0131n\u0131 sa\u011flamak amac\u0131yla, Didim Belediye Ba\u015fkan\u0131 Hatice Gen\u00e7ay\u2019\u0131n \u00f6nc\u00fcl\u00fc\u011f\u00fcnde kurulan Didim Belediyesi Kad\u0131n Meclisi Kas\u0131m ay\u0131 toplant\u0131s\u0131nda ilk kez bir araya geldi. \u00d6n\u00fcm\u00fczdeki d\u00f6nemde hayata ge\u00e7irilecek \u00e7al\u0131\u015fmalarla kad\u0131nlar\u0131n sesini daha g\u00fcr duyurmay\u0131 ve dayan\u0131\u015fma ruhunu&#8230;<\/p>\n","protected":false},"author":1,"featured_media":65656,"comment_status":"open","ping_status":"open","sticky":false,"template":"","format":"standard","meta":{"_crdt_document":"","footnotes":""},"categories":[1],"tags":[],"class_list":["post-65655","post","type-post","status-publish","format-standard","has-post-thumbnail","hentry","category-guncel"],"_links":{"self":[{"href":"https:\/\/www.egemtv.com\/index.php?rest_route=\/wp\/v2\/posts\/65655","targetHints":{"allow":["GET"]}}],"collection":[{"href":"https:\/\/www.egemtv.com\/index.php?rest_route=\/wp\/v2\/posts"}],"about":[{"href":"https:\/\/www.egemtv.com\/index.php?rest_route=\/wp\/v2\/types\/post"}],"author":[{"embeddable":true,"href":"https:\/\/www.egemtv.com\/index.php?rest_route=\/wp\/v2\/users\/1"}],"replies":[{"embeddable":true,"href":"https:\/\/www.egemtv.com\/index.php?rest_route=%2Fwp%2Fv2%2Fcomments&post=65655"}],"version-history":[{"count":1,"href":"https:\/\/www.egemtv.com\/index.php?rest_route=\/wp\/v2\/posts\/65655\/revisions"}],"predecessor-version":[{"id":65657,"href":"https:\/\/www.egemtv.com\/index.php?rest_route=\/wp\/v2\/posts\/65655\/revisions\/65657"}],"wp:featuredmedia":[{"embeddable":true,"href":"https:\/\/www.egemtv.com\/index.php?rest_route=\/wp\/v2\/media\/65656"}],"wp:attachment":[{"href":"https:\/\/www.egemtv.com\/index.php?rest_route=%2Fwp%2Fv2%2Fmedia&parent=65655"}],"wp:term":[{"taxonomy":"category","embeddable":true,"href":"https:\/\/www.egemtv.com\/index.php?rest_route=%2Fwp%2Fv2%2Fcategories&post=65655"},{"taxonomy":"post_tag","embeddable":true,"href":"https:\/\/www.egemtv.com\/index.php?rest_route=%2Fwp%2Fv2%2Ftags&post=65655"}],"curies":[{"name":"wp","href":"https:\/\/api.w.org\/{rel}","templated":true}]}}