{"id":65652,"date":"2025-11-04T10:55:34","date_gmt":"2025-11-04T07:55:34","guid":{"rendered":"https:\/\/www.egemtv.com\/?p=65652"},"modified":"2025-11-04T10:55:35","modified_gmt":"2025-11-04T07:55:35","slug":"menemen-fk-play-off-potasini-takip-ediyor","status":"publish","type":"post","link":"https:\/\/www.egemtv.com\/?p=65652","title":{"rendered":"Menemen FK, Play-off potas\u0131n\u0131 takip ediyor"},"content":{"rendered":"<p>Menemen FK, Fethiyespor kar\u015f\u0131s\u0131nda ald\u0131\u011f\u0131 galibiyetle 4 ma\u00e7l\u0131k galibiyet hasretine son verdi. Bu sonu\u00e7la puan\u0131n\u0131 19\u2019a \u00e7\u0131karan sar\u0131-lacivertliler, ligde 7. s\u0131raya kadar y\u00fckselerek Play-Off iddias\u0131n\u0131 s\u00fcrd\u00fcrd\u00fc.<br \/>\n<br \/>TFF 2. Lig Beyaz Grup ekiplerinden Menemen FK, sezona etkili bir ba\u015flang\u0131\u00e7 yapsa da son haftalarda ya\u015fad\u0131\u011f\u0131 d\u00fc\u015f\u00fc\u015fle dikkat \u00e7ekti. \u0130lk 6 haftada 4 galibiyet, 1 beraberlik ve 1 ma\u011flubiyet alan sar\u0131-lacivertliler, ard\u0131ndan \u00e7\u0131kt\u0131\u011f\u0131 4 ma\u00e7ta galibiyet y\u00fcz\u00fc g\u00f6remedi. Bu s\u00fcre\u00e7te puan cetvelinde orta s\u0131ralara gerileyen \u0130zmir temsilcisi, hafta sonu Fethiyespor kar\u015f\u0131s\u0131nda ald\u0131\u011f\u0131 kritik galibiyetle hem 4 ma\u00e7l\u0131k kazanamama serisine son verdi hem de \u00f6nemli bir 3 puan elde ederek ligde 7. s\u0131raya y\u00fckseldi. Bilal K\u0131sa ve \u00f6\u011frencileri, bu \u00e7\u0131k\u0131\u015f\u0131 s\u00fcrd\u00fcr\u00fcp ilerleyen haftalarda ilk 5 i\u00e7erisinde yer alarak Play-Off hatt\u0131nda kalmay\u0131 hedefliyor.<\/p>\n<p>\u0130\u00e7 saha performans\u0131 g\u00f6z dolduruyor<br \/>\n<br \/>Bu sezon taraftar\u0131 \u00f6n\u00fcnde etkileyici bir performans sergileyen Menemen FK, evinde oynad\u0131\u011f\u0131 6 kar\u015f\u0131la\u015fmada sadece 1 kez ma\u011flup olurken, 3 galibiyet ve 2 beraberlik elde etti. Sezonun ilk i\u00e7 saha ma\u00e7\u0131nda Arnavutk\u00f6y Belediyespor\u2019a yenilen sar\u0131-lacivertliler, o kar\u015f\u0131la\u015fman\u0131n ard\u0131ndan evinde yenilgi y\u00fcz\u00fc g\u00f6rmedi ve son 5 ma\u00e7ta ba\u015far\u0131l\u0131 bir performansa imza att\u0131.<br \/>\n<br \/>Bilal K\u0131sa ve \u00f6\u011frencileri, ayn\u0131 ba\u015far\u0131y\u0131 son 3 ma\u00e7ta galibiyet alamayan ve 2 beraberlik, 1 ma\u011flubiyet ald\u0131\u011f\u0131 d\u0131\u015f ma\u00e7lar\u0131nda da sergilemeyi hedefliyor. \u0130zmir ekibi, gelecek hafta sonu Mardin 1969\u2019a konuk olacak.<br \/><\/p>\n","protected":false},"excerpt":{"rendered":"<p>Menemen FK, Fethiyespor kar\u015f\u0131s\u0131nda ald\u0131\u011f\u0131 galibiyetle 4 ma\u00e7l\u0131k galibiyet hasretine son verdi. Bu sonu\u00e7la puan\u0131n\u0131 19\u2019a \u00e7\u0131karan sar\u0131-lacivertliler, ligde 7. s\u0131raya kadar y\u00fckselerek Play-Off iddias\u0131n\u0131 s\u00fcrd\u00fcrd\u00fc. TFF 2. Lig Beyaz Grup ekiplerinden Menemen FK, sezona etkili bir ba\u015flang\u0131\u00e7 yapsa da son haftalarda ya\u015fad\u0131\u011f\u0131 d\u00fc\u015f\u00fc\u015fle dikkat \u00e7ekti. \u0130lk 6 haftada 4 galibiyet, 1 beraberlik ve 1&#8230;<\/p>\n","protected":false},"author":1,"featured_media":65653,"comment_status":"open","ping_status":"open","sticky":false,"template":"","format":"standard","meta":{"_crdt_document":"","footnotes":""},"categories":[4],"tags":[],"class_list":["post-65652","post","type-post","status-publish","format-standard","has-post-thumbnail","hentry","category-spor"],"_links":{"self":[{"href":"https:\/\/www.egemtv.com\/index.php?rest_route=\/wp\/v2\/posts\/65652","targetHints":{"allow":["GET"]}}],"collection":[{"href":"https:\/\/www.egemtv.com\/index.php?rest_route=\/wp\/v2\/posts"}],"about":[{"href":"https:\/\/www.egemtv.com\/index.php?rest_route=\/wp\/v2\/types\/post"}],"author":[{"embeddable":true,"href":"https:\/\/www.egemtv.com\/index.php?rest_route=\/wp\/v2\/users\/1"}],"replies":[{"embeddable":true,"href":"https:\/\/www.egemtv.com\/index.php?rest_route=%2Fwp%2Fv2%2Fcomments&post=65652"}],"version-history":[{"count":1,"href":"https:\/\/www.egemtv.com\/index.php?rest_route=\/wp\/v2\/posts\/65652\/revisions"}],"predecessor-version":[{"id":65654,"href":"https:\/\/www.egemtv.com\/index.php?rest_route=\/wp\/v2\/posts\/65652\/revisions\/65654"}],"wp:featuredmedia":[{"embeddable":true,"href":"https:\/\/www.egemtv.com\/index.php?rest_route=\/wp\/v2\/media\/65653"}],"wp:attachment":[{"href":"https:\/\/www.egemtv.com\/index.php?rest_route=%2Fwp%2Fv2%2Fmedia&parent=65652"}],"wp:term":[{"taxonomy":"category","embeddable":true,"href":"https:\/\/www.egemtv.com\/index.php?rest_route=%2Fwp%2Fv2%2Fcategories&post=65652"},{"taxonomy":"post_tag","embeddable":true,"href":"https:\/\/www.egemtv.com\/index.php?rest_route=%2Fwp%2Fv2%2Ftags&post=65652"}],"curies":[{"name":"wp","href":"https:\/\/api.w.org\/{rel}","templated":true}]}}