{"id":65649,"date":"2025-11-04T10:55:33","date_gmt":"2025-11-04T07:55:33","guid":{"rendered":"https:\/\/www.egemtv.com\/?p=65649"},"modified":"2025-11-04T10:55:33","modified_gmt":"2025-11-04T07:55:33","slug":"karsiyaka-5-maclik-izmir-seruveninde-kaybetmedi","status":"publish","type":"post","link":"https:\/\/www.egemtv.com\/?p=65649","title":{"rendered":"Kar\u015f\u0131yaka, 5 ma\u00e7l\u0131k \u0130zmir ser\u00fcveninde kaybetmedi"},"content":{"rendered":"<p>Kar\u015f\u0131yaka, TFF 3. Lig 4. Grup\u2019ta oynad\u0131\u011f\u0131 5 ma\u00e7l\u0131k \u0130zmir ser\u00fcveninde 3 galibiyet ve 2 beraberlik elde etti.<br \/>\n<br \/>TFF 3. Lig 4. Grup ekiplerinden Kar\u015f\u0131yaka, \u00fcst \u00fcste \u0130zmir\u2019de oynad\u0131\u011f\u0131 5 ma\u00e7l\u0131k s\u00fcreci ba\u015far\u0131l\u0131 bir \u015fekilde tamamlad\u0131. Bu kar\u015f\u0131la\u015fmalarda yenilgi y\u00fcz\u00fc g\u00f6rmeyen ye\u015fil-k\u0131rm\u0131z\u0131l\u0131lar, 3 galibiyet ve 2 beraberlik alarak \u00f6nemli bir performans ortaya koydu.<br \/>\n<br \/>\u0130zmir ser\u00fcvenine 5. haftada oynanan Anadolu \u00dcniversitesi ma\u00e7\u0131yla ba\u015flayan Kar\u015f\u0131yaka, bu m\u00fccadelede rakibiyle gols\u00fcz berabere kald\u0131. Ard\u0131ndan bir di\u011fer \u0130zmir temsilcisi \u00c7oruhlu FK\u2019ya konuk olan Burhanettin Basatem\u00fcr ve \u00f6\u011frencileri, rakibini 4-0 gibi net bir skorla ma\u011flup etti. 7. hafta m\u00fccadelesinde Nazillispor\u2019u a\u011f\u0131rlayan Kar\u015f\u0131yaka, sahadan 1-0 galip ayr\u0131larak hanesine 3 puan daha yazd\u0131rd\u0131.<br \/>\n<br \/>En kritik s\u0131navlar\u0131ndan birini 8. haftada \u0130zmir derbisinde Altay kar\u015f\u0131s\u0131nda veren ye\u015fil-k\u0131rm\u0131z\u0131l\u0131 ekip, zorlu m\u00fccadeleden 1-1\u2019lik beraberlikle ayr\u0131larak yenilmezlik serisini s\u00fcrd\u00fcrd\u00fc. Son olarak hafta sonunda \u015fampiyonluk adaylar\u0131ndan U\u015fakspor\u2019u konuk eden Kar\u015f\u0131yaka, rakibini 1-0 ma\u011flup ederek serisini ta\u00e7land\u0131rd\u0131.<br \/>\n<br \/>B\u00f6ylece \u0130zmir temsilcisi, arka arkaya kendi \u015fehrinde oynad\u0131\u011f\u0131 5 ma\u00e7ta ma\u011flubiyet ya\u015famadan 3 galibiyet ve 2 beraberlik elde ederek \u00f6nemli bir \u00e7\u0131k\u0131\u015f yakalad\u0131.<br \/><\/p>\n","protected":false},"excerpt":{"rendered":"<p>Kar\u015f\u0131yaka, TFF 3. Lig 4. Grup\u2019ta oynad\u0131\u011f\u0131 5 ma\u00e7l\u0131k \u0130zmir ser\u00fcveninde 3 galibiyet ve 2 beraberlik elde etti. TFF 3. Lig 4. Grup ekiplerinden Kar\u015f\u0131yaka, \u00fcst \u00fcste \u0130zmir\u2019de oynad\u0131\u011f\u0131 5 ma\u00e7l\u0131k s\u00fcreci ba\u015far\u0131l\u0131 bir \u015fekilde tamamlad\u0131. Bu kar\u015f\u0131la\u015fmalarda yenilgi y\u00fcz\u00fc g\u00f6rmeyen ye\u015fil-k\u0131rm\u0131z\u0131l\u0131lar, 3 galibiyet ve 2 beraberlik alarak \u00f6nemli bir performans ortaya koydu. \u0130zmir ser\u00fcvenine&#8230;<\/p>\n","protected":false},"author":1,"featured_media":65650,"comment_status":"open","ping_status":"open","sticky":false,"template":"","format":"standard","meta":{"_crdt_document":"","footnotes":""},"categories":[4],"tags":[],"class_list":["post-65649","post","type-post","status-publish","format-standard","has-post-thumbnail","hentry","category-spor"],"_links":{"self":[{"href":"https:\/\/www.egemtv.com\/index.php?rest_route=\/wp\/v2\/posts\/65649","targetHints":{"allow":["GET"]}}],"collection":[{"href":"https:\/\/www.egemtv.com\/index.php?rest_route=\/wp\/v2\/posts"}],"about":[{"href":"https:\/\/www.egemtv.com\/index.php?rest_route=\/wp\/v2\/types\/post"}],"author":[{"embeddable":true,"href":"https:\/\/www.egemtv.com\/index.php?rest_route=\/wp\/v2\/users\/1"}],"replies":[{"embeddable":true,"href":"https:\/\/www.egemtv.com\/index.php?rest_route=%2Fwp%2Fv2%2Fcomments&post=65649"}],"version-history":[{"count":1,"href":"https:\/\/www.egemtv.com\/index.php?rest_route=\/wp\/v2\/posts\/65649\/revisions"}],"predecessor-version":[{"id":65651,"href":"https:\/\/www.egemtv.com\/index.php?rest_route=\/wp\/v2\/posts\/65649\/revisions\/65651"}],"wp:featuredmedia":[{"embeddable":true,"href":"https:\/\/www.egemtv.com\/index.php?rest_route=\/wp\/v2\/media\/65650"}],"wp:attachment":[{"href":"https:\/\/www.egemtv.com\/index.php?rest_route=%2Fwp%2Fv2%2Fmedia&parent=65649"}],"wp:term":[{"taxonomy":"category","embeddable":true,"href":"https:\/\/www.egemtv.com\/index.php?rest_route=%2Fwp%2Fv2%2Fcategories&post=65649"},{"taxonomy":"post_tag","embeddable":true,"href":"https:\/\/www.egemtv.com\/index.php?rest_route=%2Fwp%2Fv2%2Ftags&post=65649"}],"curies":[{"name":"wp","href":"https:\/\/api.w.org\/{rel}","templated":true}]}}