{"id":65646,"date":"2025-11-04T10:55:31","date_gmt":"2025-11-04T07:55:31","guid":{"rendered":"https:\/\/www.egemtv.com\/?p=65646"},"modified":"2025-11-04T10:55:32","modified_gmt":"2025-11-04T07:55:32","slug":"eu-fayda-toplulugu-ve-losev-farkindalik-icin-bulustu","status":"publish","type":"post","link":"https:\/\/www.egemtv.com\/?p=65646","title":{"rendered":"E\u00dc FAYDA Toplulu\u011fu ve L\u00d6SEV fark\u0131ndal\u0131k i\u00e7in bulu\u015ftu"},"content":{"rendered":"<p>Ege \u00dcniversitesi (E\u00dc) \u0130leti\u015fim Fak\u00fcltesi ev sahipli\u011finde, L\u00f6semili \u00c7ocuklar Haftas\u0131 dolayas\u0131yla, L\u00d6SEV Ege B\u00f6lgesi Halkla \u0130li\u015fkiler Ekibi ve FAYDA Toplulu\u011fu i\u015f birli\u011finde anlaml\u0131 bir fark\u0131ndal\u0131k etkinli\u011fi d\u00fczenlendi.<br \/>\n<br \/>Etkinlik; \u0130nci Projesi kapsam\u0131nda Bornova Anadolu Lisesi \u00f6\u011frenci ve \u00f6\u011fretmenleri, L\u00d6SEV \u0130zmir g\u00f6n\u00fcll\u00fc \u00fcst komitesi ve g\u00f6n\u00fcll\u00fc m\u00fczisyenlerin katk\u0131lar\u0131yla ger\u00e7ekle\u015ftirildi. &#8220;Gen\u00e7lerin enerjisi ve umuduyla&#8221; slogan\u0131yla hayata ge\u00e7irilen etkinlikte, l\u00f6semili \u00e7ocuklara destek olmak ve toplumsal fark\u0131ndal\u0131k olu\u015fturmak hedeflendi.<br \/>\n<br \/>Etkinlik ile ilgili bilgi veren L\u00d6SEV \u0130zmir Halkla \u0130li\u015fkiler Koordinat\u00f6r\u00fc Gamze Ber\u00e7in Edirne, &#8220;Amac\u0131m\u0131z; l\u00f6semiyle m\u00fccadele eden \u00e7ocuklar\u0131n yaln\u0131z olmad\u0131\u011f\u0131n\u0131 g\u00f6stermek ve toplumsal duyarl\u0131l\u0131\u011f\u0131 art\u0131rmak. Turuncu balonlar, m\u00fczik, co\u015fku ve \u2018Umut varsa iyile\u015fme de vard\u0131r!\u2019 mesaj\u0131m\u0131zla; l\u00f6seminin tedavi edilebilen bir hastal\u0131k oldu\u011funu, moral ve dayan\u0131\u015fman\u0131n tedavi s\u00fcrecindeki \u00f6nemini ve her ya\u015ftan bireyin fark yaratabilece\u011fini vurgulad\u0131k. Bu etkinlik, k\u00fc\u00e7\u00fck bir m\u00fczik dinletisiyle birlikte, Ege \u00dcniversitesi L\u00d6SEV g\u00f6n\u00fcll\u00fcs\u00fc \u00f6\u011frencilerinin bir araya geldi\u011finde b\u00fcy\u00fck bir umut dalgas\u0131 yaratabilece\u011fini g\u00f6stermesi a\u00e7\u0131s\u0131ndan \u00e7ok k\u0131ymetliydi&#8221; diye konu\u015ftu.<\/p>\n<p>&#8220;Umut varsa iyile\u015fme de vard\u0131r!&#8221;<br \/>\n<br \/>Gen\u00e7lere ve \u00fcniversite \u00f6\u011frencilerine y\u00f6nelik mesaj veren Koordinat\u00f6r Gamze Ber\u00e7in Edirne, &#8220;Bu t\u00fcr \u00e7al\u0131\u015fmalar, gen\u00e7ler i\u00e7in yaln\u0131zca bir sosyal sorumluluk deneyimi de\u011fil; ayn\u0131 zamanda aidiyet, empati ve toplumsal duyarl\u0131l\u0131k geli\u015fim alan\u0131 sunuyor. Gen\u00e7ler toplumsal sorunlara \u00e7\u00f6z\u00fcm \u00fcretmeyi, organizasyon ve ileti\u015fim becerilerini geli\u015ftirmeyi, ekip ruhunu ve g\u00f6n\u00fcll\u00fcl\u00fc\u011f\u00fcn de\u011ferini deneyimliyor. \u2018Benim de katk\u0131m var\u2019 duygusunu ya\u015fayabilmek, gen\u00e7ler i\u00e7in en b\u00fcy\u00fck motivasyon. Bu bilin\u00e7le yeti\u015fen her gen\u00e7, gelece\u011fe umut oluyor. Her bir gencimize \u015funu s\u00f6ylemek istiyoruz. Umut olun, g\u00fcc\u00fcn\u00fcz\u00fcn fark\u0131nda olun. Bir g\u00fcl\u00fcmseme, bazen bir \u015fark\u0131 ya da bir balon bile bir \u00e7ocu\u011fa umut olabilir. Toplumsal fayda \u00fcretme motivasyonunuz; sadece bug\u00fcn\u00fc de\u011fil, \u00fclkemizin gelece\u011fini de iyile\u015ftiriyor. Kap\u0131m\u0131z t\u00fcm gen\u00e7lere sonuna kadar a\u00e7\u0131k; L\u00d6SEV\u2019de herkesin yeri haz\u0131r. Gelin, birlikte daha fazla \u00e7ocu\u011fun y\u00fcz\u00fcnde g\u00fcl\u00fcmseme olal\u0131m. \u00c7\u00fcnk\u00fc \u2018Umut varsa iyile\u015fme de vard\u0131r!\u2019&#8221; dedi.<br \/>\n<br \/>Organizasyon s\u00fcreci, L\u00d6SEV \u0130zmir Halkla \u0130li\u015fkiler ekibi ile FAYDA Toplulu\u011fu g\u00f6n\u00fcll\u00fclerinin koordinasyonunda, tamamen g\u00f6n\u00fcll\u00fcl\u00fck esas\u0131na dayanarak planland\u0131. Haz\u0131rl\u0131k, ileti\u015fim, d\u00fczen ve performans a\u015famalar\u0131nda \u00f6\u011frenciler aktif rol alarak s\u00fcrecin her ad\u0131m\u0131nda sorumluluk \u00fcstlendi.<br \/><\/p>\n","protected":false},"excerpt":{"rendered":"<p>Ege \u00dcniversitesi (E\u00dc) \u0130leti\u015fim Fak\u00fcltesi ev sahipli\u011finde, L\u00f6semili \u00c7ocuklar Haftas\u0131 dolayas\u0131yla, L\u00d6SEV Ege B\u00f6lgesi Halkla \u0130li\u015fkiler Ekibi ve FAYDA Toplulu\u011fu i\u015f birli\u011finde anlaml\u0131 bir fark\u0131ndal\u0131k etkinli\u011fi d\u00fczenlendi. Etkinlik; \u0130nci Projesi kapsam\u0131nda Bornova Anadolu Lisesi \u00f6\u011frenci ve \u00f6\u011fretmenleri, L\u00d6SEV \u0130zmir g\u00f6n\u00fcll\u00fc \u00fcst komitesi ve g\u00f6n\u00fcll\u00fc m\u00fczisyenlerin katk\u0131lar\u0131yla ger\u00e7ekle\u015ftirildi. &#8220;Gen\u00e7lerin enerjisi ve umuduyla&#8221; slogan\u0131yla hayata ge\u00e7irilen etkinlikte,&#8230;<\/p>\n","protected":false},"author":1,"featured_media":65647,"comment_status":"open","ping_status":"open","sticky":false,"template":"","format":"standard","meta":{"_crdt_document":"","footnotes":""},"categories":[1],"tags":[],"class_list":["post-65646","post","type-post","status-publish","format-standard","has-post-thumbnail","hentry","category-guncel"],"_links":{"self":[{"href":"https:\/\/www.egemtv.com\/index.php?rest_route=\/wp\/v2\/posts\/65646","targetHints":{"allow":["GET"]}}],"collection":[{"href":"https:\/\/www.egemtv.com\/index.php?rest_route=\/wp\/v2\/posts"}],"about":[{"href":"https:\/\/www.egemtv.com\/index.php?rest_route=\/wp\/v2\/types\/post"}],"author":[{"embeddable":true,"href":"https:\/\/www.egemtv.com\/index.php?rest_route=\/wp\/v2\/users\/1"}],"replies":[{"embeddable":true,"href":"https:\/\/www.egemtv.com\/index.php?rest_route=%2Fwp%2Fv2%2Fcomments&post=65646"}],"version-history":[{"count":1,"href":"https:\/\/www.egemtv.com\/index.php?rest_route=\/wp\/v2\/posts\/65646\/revisions"}],"predecessor-version":[{"id":65648,"href":"https:\/\/www.egemtv.com\/index.php?rest_route=\/wp\/v2\/posts\/65646\/revisions\/65648"}],"wp:featuredmedia":[{"embeddable":true,"href":"https:\/\/www.egemtv.com\/index.php?rest_route=\/wp\/v2\/media\/65647"}],"wp:attachment":[{"href":"https:\/\/www.egemtv.com\/index.php?rest_route=%2Fwp%2Fv2%2Fmedia&parent=65646"}],"wp:term":[{"taxonomy":"category","embeddable":true,"href":"https:\/\/www.egemtv.com\/index.php?rest_route=%2Fwp%2Fv2%2Fcategories&post=65646"},{"taxonomy":"post_tag","embeddable":true,"href":"https:\/\/www.egemtv.com\/index.php?rest_route=%2Fwp%2Fv2%2Ftags&post=65646"}],"curies":[{"name":"wp","href":"https:\/\/api.w.org\/{rel}","templated":true}]}}