{"id":65637,"date":"2025-11-04T10:14:46","date_gmt":"2025-11-04T07:14:46","guid":{"rendered":"https:\/\/www.egemtv.com\/?p=65637"},"modified":"2025-11-04T10:14:47","modified_gmt":"2025-11-04T07:14:47","slug":"ilce-milli-egitim-muduru-kilitci-egitimde-kaliteyi-arttirmak-ancak-ortak-cabayla-mumkundur","status":"publish","type":"post","link":"https:\/\/www.egemtv.com\/?p=65637","title":{"rendered":"\u0130l\u00e7e Milli E\u011fitim M\u00fcd\u00fcr\u00fc Kilitci: &#8220;E\u011fitimde kaliteyi artt\u0131rmak ancak ortak \u00e7abayla m\u00fcmk\u00fcnd\u00fcr&#8221;"},"content":{"rendered":"<p>K\u00fctahya\u2019n\u0131n Hisarc\u0131k il\u00e7esine yeni atanan \u0130l\u00e7e Milli E\u011fitim M\u00fcd\u00fcr\u00fc Hasan Kilitci, g\u00f6revine ba\u015flamas\u0131n\u0131n ard\u0131ndan il\u00e7ede g\u00f6rev yapan okul y\u00f6neticileri ve \u00f6\u011fretmenlerle bir de\u011ferlendirme toplant\u0131s\u0131 ger\u00e7ekle\u015ftirdi.<br \/>\n<br \/>Anadolu \u0130mam Hatip Lisesi Konferans Salonu\u2019nda d\u00fczenlenen toplant\u0131ya, il\u00e7e genelindeki okul m\u00fcd\u00fcrleri, m\u00fcd\u00fcr yard\u0131mc\u0131lar\u0131 ve \u00f6\u011fretmenler kat\u0131ld\u0131. Toplant\u0131da, yeni e\u011fitim, \u00f6\u011fretim y\u0131l\u0131na ili\u015fkin hedefler, akademik ba\u015far\u0131y\u0131 art\u0131rma \u00e7al\u0131\u015fmalar\u0131, sosyal ve k\u00fclt\u00fcrel etkinliklerin planlanmas\u0131, okullarda y\u00fcr\u00fct\u00fclen projeler ile T\u00fcrkiye Y\u00fczy\u0131l\u0131 Maarif Modeli \u00fczerinde duruldu.<br \/>\n<br \/>\u0130l\u00e7e Milli E\u011fitim M\u00fcd\u00fcr\u00fc Hasan Kilitci, toplant\u0131da yapt\u0131\u011f\u0131 konu\u015fmada birlik, beraberlik ve i\u015f birli\u011fi vurgusu yaparak e\u011fitimde kaliteyi art\u0131rman\u0131n ancak ortak \u00e7abayla m\u00fcmk\u00fcn olabilece\u011fini ifade etti. Kilitci, &#8220;Amac\u0131m\u0131z, \u00f6\u011frencilerimizin sadece akademik y\u00f6nden de\u011fil, ayn\u0131 zamanda de\u011ferler e\u011fitimi a\u00e7\u0131s\u0131ndan da g\u00fc\u00e7l\u00fc, donan\u0131ml\u0131 ve milli, manevi de\u011ferlere ba\u011fl\u0131 bireyler olarak yeti\u015fmesini sa\u011flamakt\u0131r. \u0130l\u00e7edeki t\u00fcm e\u011fitim payda\u015flar\u0131n\u0131n bu hedef do\u011frultusunda \u00f6zveriyle \u00e7al\u0131\u015faca\u011f\u0131na inan\u0131yorum. Okul y\u00f6neticileriyle koordineli bir \u015fekilde \u00e7al\u0131\u015farak e\u011fitimde ba\u015far\u0131 grafi\u011fini y\u00fckseltmeyi hedefliyoruz &#8221; dedi.<br \/>\n<br \/>Toplant\u0131da ayr\u0131ca \u00f6\u011fretmenlerin g\u00f6r\u00fc\u015f ve \u00f6nerileri de dinlenerek, e\u011fitim, \u00f6\u011fretim s\u00fcrecinin daha verimli hale getirilmesine y\u00f6nelik de\u011ferlendirmelerde bulunuldu. Toplant\u0131, kar\u015f\u0131l\u0131kl\u0131 fikir al\u0131\u015fveri\u015fi ve yeni d\u00f6neme ili\u015fkin temennilerle sona erdi.<br \/><\/p>\n","protected":false},"excerpt":{"rendered":"<p>K\u00fctahya\u2019n\u0131n Hisarc\u0131k il\u00e7esine yeni atanan \u0130l\u00e7e Milli E\u011fitim M\u00fcd\u00fcr\u00fc Hasan Kilitci, g\u00f6revine ba\u015flamas\u0131n\u0131n ard\u0131ndan il\u00e7ede g\u00f6rev yapan okul y\u00f6neticileri ve \u00f6\u011fretmenlerle bir de\u011ferlendirme toplant\u0131s\u0131 ger\u00e7ekle\u015ftirdi. Anadolu \u0130mam Hatip Lisesi Konferans Salonu\u2019nda d\u00fczenlenen toplant\u0131ya, il\u00e7e genelindeki okul m\u00fcd\u00fcrleri, m\u00fcd\u00fcr yard\u0131mc\u0131lar\u0131 ve \u00f6\u011fretmenler kat\u0131ld\u0131. Toplant\u0131da, yeni e\u011fitim, \u00f6\u011fretim y\u0131l\u0131na ili\u015fkin hedefler, akademik ba\u015far\u0131y\u0131 art\u0131rma \u00e7al\u0131\u015fmalar\u0131, sosyal ve&#8230;<\/p>\n","protected":false},"author":1,"featured_media":65638,"comment_status":"open","ping_status":"open","sticky":false,"template":"","format":"standard","meta":{"_crdt_document":"","footnotes":""},"categories":[1],"tags":[],"class_list":["post-65637","post","type-post","status-publish","format-standard","has-post-thumbnail","hentry","category-guncel"],"_links":{"self":[{"href":"https:\/\/www.egemtv.com\/index.php?rest_route=\/wp\/v2\/posts\/65637","targetHints":{"allow":["GET"]}}],"collection":[{"href":"https:\/\/www.egemtv.com\/index.php?rest_route=\/wp\/v2\/posts"}],"about":[{"href":"https:\/\/www.egemtv.com\/index.php?rest_route=\/wp\/v2\/types\/post"}],"author":[{"embeddable":true,"href":"https:\/\/www.egemtv.com\/index.php?rest_route=\/wp\/v2\/users\/1"}],"replies":[{"embeddable":true,"href":"https:\/\/www.egemtv.com\/index.php?rest_route=%2Fwp%2Fv2%2Fcomments&post=65637"}],"version-history":[{"count":1,"href":"https:\/\/www.egemtv.com\/index.php?rest_route=\/wp\/v2\/posts\/65637\/revisions"}],"predecessor-version":[{"id":65639,"href":"https:\/\/www.egemtv.com\/index.php?rest_route=\/wp\/v2\/posts\/65637\/revisions\/65639"}],"wp:featuredmedia":[{"embeddable":true,"href":"https:\/\/www.egemtv.com\/index.php?rest_route=\/wp\/v2\/media\/65638"}],"wp:attachment":[{"href":"https:\/\/www.egemtv.com\/index.php?rest_route=%2Fwp%2Fv2%2Fmedia&parent=65637"}],"wp:term":[{"taxonomy":"category","embeddable":true,"href":"https:\/\/www.egemtv.com\/index.php?rest_route=%2Fwp%2Fv2%2Fcategories&post=65637"},{"taxonomy":"post_tag","embeddable":true,"href":"https:\/\/www.egemtv.com\/index.php?rest_route=%2Fwp%2Fv2%2Ftags&post=65637"}],"curies":[{"name":"wp","href":"https:\/\/api.w.org\/{rel}","templated":true}]}}