{"id":65634,"date":"2025-11-04T10:14:45","date_gmt":"2025-11-04T07:14:45","guid":{"rendered":"https:\/\/www.egemtv.com\/?p=65634"},"modified":"2025-11-04T10:14:45","modified_gmt":"2025-11-04T07:14:45","slug":"refujde-arac-surdu-ehliyetine-el-konuldu","status":"publish","type":"post","link":"https:\/\/www.egemtv.com\/?p=65634","title":{"rendered":"Ref\u00fcjde ara\u00e7 s\u00fcrd\u00fc, ehliyetine el konuldu"},"content":{"rendered":"<p>\u0130zmir\u2019in Bal\u00e7ova il\u00e7esinde ref\u00fcje \u00e7\u0131karak trafik g\u00fcvenli\u011fini tehlikeye atan s\u00fcr\u00fcc\u00fcye idari para cezas\u0131 uyguland\u0131, ehliyeti ge\u00e7ici s\u00fcreyle geri al\u0131nd\u0131.<br \/>\n<br \/>Bal\u00e7ova il\u00e7esinde B.S. (22) isimli s\u00fcr\u00fcc\u00fc, 35 YY 777 plakal\u0131 arac\u0131yla ref\u00fcje \u00e7\u0131karak trafik g\u00fcvenli\u011fini tehlikeye att\u0131. Olay an\u0131na ili\u015fkin g\u00f6r\u00fcnt\u00fclerin sosyal medyada payla\u015f\u0131lmas\u0131n\u0131n ard\u0131ndan harekete ge\u00e7en \u0130zmir Trafik \u015eube M\u00fcd\u00fcrl\u00fc\u011f\u00fc ekipleri, yapt\u0131\u011f\u0131 \u00e7al\u0131\u015fma sonucu s\u00fcr\u00fcc\u00fcn\u00fcn kimli\u011fini tespit etti. G\u00f6zalt\u0131na al\u0131narak emniyete g\u00f6t\u00fcr\u00fclen B.S., ifadesinde trafik kural\u0131n\u0131 ihlal etti\u011fini kabul etti. S\u00fcr\u00fcc\u00fcye, 2918 say\u0131l\u0131 Karayollar\u0131 Trafik Kanunu\u2019nun ilgili maddeleri uyar\u0131nca idari para cezas\u0131 uygulan\u0131rken, ehliyeti ge\u00e7ici s\u00fcreyle geri al\u0131nd\u0131. Ayr\u0131ca, T\u00fcrk Ceza Kanunu\u2019nun 179\/2. maddesi kapsam\u0131nda B.S. hakk\u0131nda adli i\u015flem ba\u015flat\u0131ld\u0131\u011f\u0131 bildirildi.<br \/><\/p>\n","protected":false},"excerpt":{"rendered":"<p>\u0130zmir\u2019in Bal\u00e7ova il\u00e7esinde ref\u00fcje \u00e7\u0131karak trafik g\u00fcvenli\u011fini tehlikeye atan s\u00fcr\u00fcc\u00fcye idari para cezas\u0131 uyguland\u0131, ehliyeti ge\u00e7ici s\u00fcreyle geri al\u0131nd\u0131. Bal\u00e7ova il\u00e7esinde B.S. (22) isimli s\u00fcr\u00fcc\u00fc, 35 YY 777 plakal\u0131 arac\u0131yla ref\u00fcje \u00e7\u0131karak trafik g\u00fcvenli\u011fini tehlikeye att\u0131. Olay an\u0131na ili\u015fkin g\u00f6r\u00fcnt\u00fclerin sosyal medyada payla\u015f\u0131lmas\u0131n\u0131n ard\u0131ndan harekete ge\u00e7en \u0130zmir Trafik \u015eube M\u00fcd\u00fcrl\u00fc\u011f\u00fc ekipleri, yapt\u0131\u011f\u0131 \u00e7al\u0131\u015fma sonucu s\u00fcr\u00fcc\u00fcn\u00fcn&#8230;<\/p>\n","protected":false},"author":1,"featured_media":65635,"comment_status":"open","ping_status":"open","sticky":false,"template":"","format":"standard","meta":{"_crdt_document":"","footnotes":""},"categories":[5],"tags":[],"class_list":["post-65634","post","type-post","status-publish","format-standard","has-post-thumbnail","hentry","category-asayis"],"_links":{"self":[{"href":"https:\/\/www.egemtv.com\/index.php?rest_route=\/wp\/v2\/posts\/65634","targetHints":{"allow":["GET"]}}],"collection":[{"href":"https:\/\/www.egemtv.com\/index.php?rest_route=\/wp\/v2\/posts"}],"about":[{"href":"https:\/\/www.egemtv.com\/index.php?rest_route=\/wp\/v2\/types\/post"}],"author":[{"embeddable":true,"href":"https:\/\/www.egemtv.com\/index.php?rest_route=\/wp\/v2\/users\/1"}],"replies":[{"embeddable":true,"href":"https:\/\/www.egemtv.com\/index.php?rest_route=%2Fwp%2Fv2%2Fcomments&post=65634"}],"version-history":[{"count":1,"href":"https:\/\/www.egemtv.com\/index.php?rest_route=\/wp\/v2\/posts\/65634\/revisions"}],"predecessor-version":[{"id":65636,"href":"https:\/\/www.egemtv.com\/index.php?rest_route=\/wp\/v2\/posts\/65634\/revisions\/65636"}],"wp:featuredmedia":[{"embeddable":true,"href":"https:\/\/www.egemtv.com\/index.php?rest_route=\/wp\/v2\/media\/65635"}],"wp:attachment":[{"href":"https:\/\/www.egemtv.com\/index.php?rest_route=%2Fwp%2Fv2%2Fmedia&parent=65634"}],"wp:term":[{"taxonomy":"category","embeddable":true,"href":"https:\/\/www.egemtv.com\/index.php?rest_route=%2Fwp%2Fv2%2Fcategories&post=65634"},{"taxonomy":"post_tag","embeddable":true,"href":"https:\/\/www.egemtv.com\/index.php?rest_route=%2Fwp%2Fv2%2Ftags&post=65634"}],"curies":[{"name":"wp","href":"https:\/\/api.w.org\/{rel}","templated":true}]}}