{"id":65631,"date":"2025-11-04T09:55:24","date_gmt":"2025-11-04T06:55:24","guid":{"rendered":"https:\/\/www.egemtv.com\/?p=65631"},"modified":"2025-11-04T09:55:25","modified_gmt":"2025-11-04T06:55:25","slug":"burdurda-faili-mechule-donen-gokhan-tombak-cinayetinde-aile-istinafa-basvurdu","status":"publish","type":"post","link":"https:\/\/www.egemtv.com\/?p=65631","title":{"rendered":"Burdur\u2019da faili me\u00e7hule d\u00f6nen G\u00f6khan Tombak cinayetinde aile istinafa ba\u015fvurdu"},"content":{"rendered":"<p>Burdur\u2019da evinin \u00f6n\u00fcnde kimli\u011fi belirsiz ki\u015filerce \u00f6ld\u00fcr\u00fclen ve 6 san\u0131\u011f\u0131n da beraat etti\u011fi G\u00f6khan Tombak cinayetinin davas\u0131nda aile karara itiraz ederek istinafa ba\u015fvurdu.<br \/>\n<br \/>Bucak il\u00e7esine ba\u011fl\u0131 Karaaliler k\u00f6y\u00fcnde 1 Aral\u0131k 2022 tarihinde ya\u015fanan olayda, G\u00f6khan Tombak, kimli\u011fi belirsiz ki\u015filerce t\u00fcfek ile \u00f6ld\u00fcr\u00fclm\u00fc\u015ft\u00fc. Jandarman\u0131n yapt\u0131\u011f\u0131 incelemeler sonucu g\u00f6zalt\u0131na al\u0131nan Hasan U. (56) ve Emrah T. (28) \u00e7\u0131kar\u0131ld\u0131\u011f\u0131 mahkemenin ard\u0131ndan \u2019kasten \u00f6ld\u00fcrme\u2019 su\u00e7undan tutuklanm\u0131\u015ft\u0131. Bir s\u00fcre cezaevinde kalan iki \u015f\u00fcpheli, delil yetersizli\u011finden tahliye edilmi\u015fti. Olayla ilgili 29 Eyl\u00fcl\u2019de g\u00f6r\u00fclen 9. davada tutuksuz yarg\u0131lanan san\u0131klardan Hasan U., Emrah T., Ahmet U. (28), Ahmet S. (28), Muhammet A. (22), ve Selahattin A. mahkeme heyeti taraf\u0131ndan beraat karar\u0131 verildi. Maktul G\u00f6khan Tombak\u2019\u0131n ailesi ve avukatlar\u0131 taraf\u0131ndan karara itiraz ederek dosyay\u0131 istinafa ta\u015f\u0131d\u0131.<br \/><\/p>\n","protected":false},"excerpt":{"rendered":"<p>Burdur\u2019da evinin \u00f6n\u00fcnde kimli\u011fi belirsiz ki\u015filerce \u00f6ld\u00fcr\u00fclen ve 6 san\u0131\u011f\u0131n da beraat etti\u011fi G\u00f6khan Tombak cinayetinin davas\u0131nda aile karara itiraz ederek istinafa ba\u015fvurdu. Bucak il\u00e7esine ba\u011fl\u0131 Karaaliler k\u00f6y\u00fcnde 1 Aral\u0131k 2022 tarihinde ya\u015fanan olayda, G\u00f6khan Tombak, kimli\u011fi belirsiz ki\u015filerce t\u00fcfek ile \u00f6ld\u00fcr\u00fclm\u00fc\u015ft\u00fc. Jandarman\u0131n yapt\u0131\u011f\u0131 incelemeler sonucu g\u00f6zalt\u0131na al\u0131nan Hasan U. (56) ve Emrah T. (28)&#8230;<\/p>\n","protected":false},"author":1,"featured_media":65632,"comment_status":"open","ping_status":"open","sticky":false,"template":"","format":"standard","meta":{"_crdt_document":"","footnotes":""},"categories":[5],"tags":[],"class_list":["post-65631","post","type-post","status-publish","format-standard","has-post-thumbnail","hentry","category-asayis"],"_links":{"self":[{"href":"https:\/\/www.egemtv.com\/index.php?rest_route=\/wp\/v2\/posts\/65631","targetHints":{"allow":["GET"]}}],"collection":[{"href":"https:\/\/www.egemtv.com\/index.php?rest_route=\/wp\/v2\/posts"}],"about":[{"href":"https:\/\/www.egemtv.com\/index.php?rest_route=\/wp\/v2\/types\/post"}],"author":[{"embeddable":true,"href":"https:\/\/www.egemtv.com\/index.php?rest_route=\/wp\/v2\/users\/1"}],"replies":[{"embeddable":true,"href":"https:\/\/www.egemtv.com\/index.php?rest_route=%2Fwp%2Fv2%2Fcomments&post=65631"}],"version-history":[{"count":1,"href":"https:\/\/www.egemtv.com\/index.php?rest_route=\/wp\/v2\/posts\/65631\/revisions"}],"predecessor-version":[{"id":65633,"href":"https:\/\/www.egemtv.com\/index.php?rest_route=\/wp\/v2\/posts\/65631\/revisions\/65633"}],"wp:featuredmedia":[{"embeddable":true,"href":"https:\/\/www.egemtv.com\/index.php?rest_route=\/wp\/v2\/media\/65632"}],"wp:attachment":[{"href":"https:\/\/www.egemtv.com\/index.php?rest_route=%2Fwp%2Fv2%2Fmedia&parent=65631"}],"wp:term":[{"taxonomy":"category","embeddable":true,"href":"https:\/\/www.egemtv.com\/index.php?rest_route=%2Fwp%2Fv2%2Fcategories&post=65631"},{"taxonomy":"post_tag","embeddable":true,"href":"https:\/\/www.egemtv.com\/index.php?rest_route=%2Fwp%2Fv2%2Ftags&post=65631"}],"curies":[{"name":"wp","href":"https:\/\/api.w.org\/{rel}","templated":true}]}}