{"id":65625,"date":"2025-11-04T09:34:49","date_gmt":"2025-11-04T06:34:49","guid":{"rendered":"https:\/\/www.egemtv.com\/?p=65625"},"modified":"2025-11-04T09:34:51","modified_gmt":"2025-11-04T06:34:51","slug":"denizlide-251-bin-hayvan-sap-hastaligina-karsi-asilandi","status":"publish","type":"post","link":"https:\/\/www.egemtv.com\/?p=65625","title":{"rendered":"Denizli\u2019de 251 bin hayvan \u015fap hastal\u0131\u011f\u0131na kar\u015f\u0131 a\u015f\u0131land\u0131"},"content":{"rendered":"<p>Denizli\u2019de hayvan sa\u011fl\u0131\u011f\u0131n\u0131 tehdit eden \u015fap hastal\u0131\u011f\u0131yla m\u00fccadele kapsam\u0131nda il genelinde 251 bin 700 adet hayvan\u0131n a\u015f\u0131land\u0131\u011f\u0131 bildirildi.<\/p>\n<p>\u0130l genelindeki \u015fap hastal\u0131\u011f\u0131yla m\u00fccadele \u00e7al\u0131\u015fmalar\u0131 hakk\u0131nda bilgi veren Denizli \u0130l Tar\u0131m ve Orman M\u00fcd\u00fcr\u00fc Mustafa Nevzat Zayim, &#8220;\u0130l Tar\u0131m ve Orman M\u00fcd\u00fcrl\u00fc\u011f\u00fc olarak hayvan sa\u011fl\u0131\u011f\u0131n\u0131 tehdit eden her t\u00fcrl\u00fc hastal\u0131kla m\u00fccadele kapsam\u0131nda \u0130l genelinde s\u00fcrekli ve titizlikle izleme faaliyetlerimizi s\u00fcrd\u00fcrmekteyiz. \u015eap hastal\u0131\u011f\u0131na kar\u015f\u0131 yo\u011fun a\u015f\u0131lama \u00e7al\u0131\u015fmalar\u0131 \u0130l ve \u0130l\u00e7e m\u00fcd\u00fcrl\u00fc\u011f\u00fcm\u00fcz personellerince mesai kavram\u0131 g\u00f6zetilmeksizin devam etmektedir. \u0130limiz genelinde 251 bin 700 adet hayvan a\u015f\u0131lanm\u0131\u015f olup, a\u015f\u0131lama oran\u0131m\u0131z y\u00fczde 100\u2019\u00fc ge\u00e7mi\u015f bulunmakta ve mihrak b\u00f6lgelerinde ikinci tur a\u015f\u0131lama devam edilmektedir. \u015eap hastal\u0131\u011f\u0131n\u0131n yay\u0131lmas\u0131n\u0131 \u00f6nlemek i\u00e7in derhal hayvanlar\u0131n yo\u011fun olarak hareket etti\u011fi hayvan pazarlar\u0131, canl\u0131 hayvan borsalar\u0131, hayvan toplama ve sat\u0131\u015f merkezleri dahil t\u00fcm hayvan sat\u0131\u015f yerlerinin faaliyetleri durdurulmu\u015ftur. Ka\u00e7ak hayvan hareketlerinin kontrol\u00fc amac\u0131yla jandarma ve emniyet personeli ile birlikte t\u00fcm il genelinde yol kontrolleri s\u0131k\u0131 bir \u015fekilde s\u00fcrd\u00fcr\u00fclmektedir&#8221; dedi.<\/p>\n<p>Bozkurt il\u00e7esinde g\u00f6r\u00fclen \u015fap hastal\u0131\u011f\u0131yla ilgili olarak payla\u015f\u0131lan verilerin abart\u0131l\u0131 oldu\u011funu kaydeden Zayim, &#8220;Bozkurt il\u00e7emizde 30 bin b\u00fcy\u00fckba\u015f ve 50 bin k\u00fc\u00e7\u00fckba\u015f hayvan oldu\u011fu rakamlar\u0131 do\u011fru de\u011fildir. Bozkurt il\u00e7emizde toplam b\u00fcy\u00fckba\u015f hayvan say\u0131s\u0131 8 bin 150 adet, k\u00fc\u00e7\u00fckba\u015f hayvan say\u0131s\u0131 7 bin 491 adet olup b\u00fcy\u00fckba\u015f hayvanlar\u0131n tamam\u0131 a\u015f\u0131lanm\u0131\u015ft\u0131r. K\u00fc\u00e7\u00fckba\u015f hayvanlar\u0131n a\u015f\u0131lama \u00e7al\u0131\u015fmalar\u0131 ve karantina tedbirleri devam etmektedir. Mihraklarda koruma ve g\u00f6zetim b\u00f6lgeleri olu\u015fturulmu\u015f b\u00f6lge s\u0131n\u0131rlar\u0131 i\u00e7erisindeki t\u00fcm mahallelerde hayvan hareketleri k\u0131s\u0131tlanarak mihrak a\u015f\u0131lamalar\u0131 yap\u0131lm\u0131\u015ft\u0131r. \u0130l Tar\u0131m ve Orman M\u00fcd\u00fcrl\u00fc\u011f\u00fcnce s\u00fcre\u00e7 yak\u0131ndan takip edilmektedir&#8221; diye konu\u015ftu.<br \/><\/p>\n","protected":false},"excerpt":{"rendered":"<p>Denizli\u2019de hayvan sa\u011fl\u0131\u011f\u0131n\u0131 tehdit eden \u015fap hastal\u0131\u011f\u0131yla m\u00fccadele kapsam\u0131nda il genelinde 251 bin 700 adet hayvan\u0131n a\u015f\u0131land\u0131\u011f\u0131 bildirildi. \u0130l genelindeki \u015fap hastal\u0131\u011f\u0131yla m\u00fccadele \u00e7al\u0131\u015fmalar\u0131 hakk\u0131nda bilgi veren Denizli \u0130l Tar\u0131m ve Orman M\u00fcd\u00fcr\u00fc Mustafa Nevzat Zayim, &#8220;\u0130l Tar\u0131m ve Orman M\u00fcd\u00fcrl\u00fc\u011f\u00fc olarak hayvan sa\u011fl\u0131\u011f\u0131n\u0131 tehdit eden her t\u00fcrl\u00fc hastal\u0131kla m\u00fccadele kapsam\u0131nda \u0130l genelinde s\u00fcrekli ve&#8230;<\/p>\n","protected":false},"author":1,"featured_media":65626,"comment_status":"open","ping_status":"open","sticky":false,"template":"","format":"standard","meta":{"_crdt_document":"","footnotes":""},"categories":[1],"tags":[],"class_list":["post-65625","post","type-post","status-publish","format-standard","has-post-thumbnail","hentry","category-guncel"],"_links":{"self":[{"href":"https:\/\/www.egemtv.com\/index.php?rest_route=\/wp\/v2\/posts\/65625","targetHints":{"allow":["GET"]}}],"collection":[{"href":"https:\/\/www.egemtv.com\/index.php?rest_route=\/wp\/v2\/posts"}],"about":[{"href":"https:\/\/www.egemtv.com\/index.php?rest_route=\/wp\/v2\/types\/post"}],"author":[{"embeddable":true,"href":"https:\/\/www.egemtv.com\/index.php?rest_route=\/wp\/v2\/users\/1"}],"replies":[{"embeddable":true,"href":"https:\/\/www.egemtv.com\/index.php?rest_route=%2Fwp%2Fv2%2Fcomments&post=65625"}],"version-history":[{"count":1,"href":"https:\/\/www.egemtv.com\/index.php?rest_route=\/wp\/v2\/posts\/65625\/revisions"}],"predecessor-version":[{"id":65627,"href":"https:\/\/www.egemtv.com\/index.php?rest_route=\/wp\/v2\/posts\/65625\/revisions\/65627"}],"wp:featuredmedia":[{"embeddable":true,"href":"https:\/\/www.egemtv.com\/index.php?rest_route=\/wp\/v2\/media\/65626"}],"wp:attachment":[{"href":"https:\/\/www.egemtv.com\/index.php?rest_route=%2Fwp%2Fv2%2Fmedia&parent=65625"}],"wp:term":[{"taxonomy":"category","embeddable":true,"href":"https:\/\/www.egemtv.com\/index.php?rest_route=%2Fwp%2Fv2%2Fcategories&post=65625"},{"taxonomy":"post_tag","embeddable":true,"href":"https:\/\/www.egemtv.com\/index.php?rest_route=%2Fwp%2Fv2%2Ftags&post=65625"}],"curies":[{"name":"wp","href":"https:\/\/api.w.org\/{rel}","templated":true}]}}