{"id":65622,"date":"2025-11-04T09:34:48","date_gmt":"2025-11-04T06:34:48","guid":{"rendered":"https:\/\/www.egemtv.com\/?p=65622"},"modified":"2025-11-04T09:34:49","modified_gmt":"2025-11-04T06:34:49","slug":"cesme-belediyesporlu-emirden-satrancta-izmir-ikinciligi","status":"publish","type":"post","link":"https:\/\/www.egemtv.com\/?p=65622","title":{"rendered":"\u00c7e\u015fme Belediyesporlu Emir\u2019den satran\u00e7ta \u0130zmir ikincili\u011fi"},"content":{"rendered":"<p>\u00c7e\u015fme Belediyespor Kul\u00fcb\u00fc\u2019n\u00fcn gen\u00e7 satran\u00e7 oyuncusu Emir T\u00fct\u00fcnc\u00fco\u011flu, \u0130zmir\u2019de d\u00fczenlenen 11 Ya\u015f Genel Kategorisi turnuvas\u0131nda b\u00fcy\u00fck bir ba\u015far\u0131ya imza atarak \u0130zmir ikincisi oldu.<br \/>\n<br \/>\u0130zmir\u2019de ger\u00e7ekle\u015ftirilen turnuvada alt\u0131 ma\u00e7ta be\u015f galibiyet elde eden Emir T\u00fct\u00fcnc\u00fco\u011flu, \u00fcst\u00fcn performans\u0131yla hem kupa hem de madalya kazanarak \u00c7e\u015fme\u2019ye gurur ya\u015fatt\u0131. Bu sonu\u00e7la birlikte T\u00fct\u00fcnc\u00fco\u011flu, Milli Tak\u0131m se\u00e7melerine kat\u0131lma hakk\u0131 i\u00e7in \u00f6nemli bir ad\u0131m atm\u0131\u015f oldu.<br \/>\n<br \/>\u00c7e\u015fme Belediyespor Kul\u00fcb\u00fc Ba\u015fkan\u0131 Mehmet Sar\u0131sa\u00e7, gen\u00e7 sporcunun ba\u015far\u0131s\u0131ndan duydu\u011fu gururu \u015fu s\u00f6zlerle dile getirdi: &#8220;\u00c7e\u015fme Belediye Spor Kul\u00fcb\u00fc satran\u00e7 oyuncumuz Emir T\u00fct\u00fcnc\u00fco\u011flu, \u0130zmir\u2019de yap\u0131lan 11 Ya\u015f Genel Kategorisi\u2019nde \u0130zmir 2\u2019ncisi oldu. Oyuncumuz, milli tak\u0131m se\u00e7melerine girmek i\u00e7in kat\u0131ld\u0131\u011f\u0131 turnuvada alt\u0131 ma\u00e7\u0131n be\u015fini kazanarak kupa ve madalya kazand\u0131. Kendisini kutluyor, milli tak\u0131m yolunda ba\u015far\u0131lar diliyoruz.&#8221;<br \/>\n<br \/>Ba\u015fkan Sar\u0131sa\u00e7, \u00c7e\u015fme Belediyespor\u2019un sadece futbol de\u011fil, farkl\u0131 bran\u015flarda da gen\u00e7 yeteneklerin geli\u015fimine destek verdi\u011fini vurgulayarak, altyap\u0131dan gelen sporcular\u0131n ulusal d\u00fczeyde ba\u015far\u0131 elde etmesinden b\u00fcy\u00fck mutluluk duyduklar\u0131n\u0131 ifade etti.<br \/>\n<br \/>\u00c7e\u015fme Belediyespor Kul\u00fcb\u00fc, gen\u00e7lerin sporla bulu\u015fmas\u0131 ve il\u00e7eden yeni milli sporcular\u0131n yeti\u015fmesi ad\u0131na \u00e7al\u0131\u015fmalar\u0131n\u0131 s\u00fcrd\u00fcrmeye devam ediyor.<br \/><\/p>\n","protected":false},"excerpt":{"rendered":"<p>\u00c7e\u015fme Belediyespor Kul\u00fcb\u00fc\u2019n\u00fcn gen\u00e7 satran\u00e7 oyuncusu Emir T\u00fct\u00fcnc\u00fco\u011flu, \u0130zmir\u2019de d\u00fczenlenen 11 Ya\u015f Genel Kategorisi turnuvas\u0131nda b\u00fcy\u00fck bir ba\u015far\u0131ya imza atarak \u0130zmir ikincisi oldu. \u0130zmir\u2019de ger\u00e7ekle\u015ftirilen turnuvada alt\u0131 ma\u00e7ta be\u015f galibiyet elde eden Emir T\u00fct\u00fcnc\u00fco\u011flu, \u00fcst\u00fcn performans\u0131yla hem kupa hem de madalya kazanarak \u00c7e\u015fme\u2019ye gurur ya\u015fatt\u0131. Bu sonu\u00e7la birlikte T\u00fct\u00fcnc\u00fco\u011flu, Milli Tak\u0131m se\u00e7melerine kat\u0131lma hakk\u0131 i\u00e7in&#8230;<\/p>\n","protected":false},"author":1,"featured_media":65623,"comment_status":"open","ping_status":"open","sticky":false,"template":"","format":"standard","meta":{"_crdt_document":"","footnotes":""},"categories":[4],"tags":[],"class_list":["post-65622","post","type-post","status-publish","format-standard","has-post-thumbnail","hentry","category-spor"],"_links":{"self":[{"href":"https:\/\/www.egemtv.com\/index.php?rest_route=\/wp\/v2\/posts\/65622","targetHints":{"allow":["GET"]}}],"collection":[{"href":"https:\/\/www.egemtv.com\/index.php?rest_route=\/wp\/v2\/posts"}],"about":[{"href":"https:\/\/www.egemtv.com\/index.php?rest_route=\/wp\/v2\/types\/post"}],"author":[{"embeddable":true,"href":"https:\/\/www.egemtv.com\/index.php?rest_route=\/wp\/v2\/users\/1"}],"replies":[{"embeddable":true,"href":"https:\/\/www.egemtv.com\/index.php?rest_route=%2Fwp%2Fv2%2Fcomments&post=65622"}],"version-history":[{"count":1,"href":"https:\/\/www.egemtv.com\/index.php?rest_route=\/wp\/v2\/posts\/65622\/revisions"}],"predecessor-version":[{"id":65624,"href":"https:\/\/www.egemtv.com\/index.php?rest_route=\/wp\/v2\/posts\/65622\/revisions\/65624"}],"wp:featuredmedia":[{"embeddable":true,"href":"https:\/\/www.egemtv.com\/index.php?rest_route=\/wp\/v2\/media\/65623"}],"wp:attachment":[{"href":"https:\/\/www.egemtv.com\/index.php?rest_route=%2Fwp%2Fv2%2Fmedia&parent=65622"}],"wp:term":[{"taxonomy":"category","embeddable":true,"href":"https:\/\/www.egemtv.com\/index.php?rest_route=%2Fwp%2Fv2%2Fcategories&post=65622"},{"taxonomy":"post_tag","embeddable":true,"href":"https:\/\/www.egemtv.com\/index.php?rest_route=%2Fwp%2Fv2%2Ftags&post=65622"}],"curies":[{"name":"wp","href":"https:\/\/api.w.org\/{rel}","templated":true}]}}