{"id":65619,"date":"2025-11-04T09:15:25","date_gmt":"2025-11-04T06:15:25","guid":{"rendered":"https:\/\/www.egemtv.com\/?p=65619"},"modified":"2025-11-04T09:15:26","modified_gmt":"2025-11-04T06:15:26","slug":"fransiz-dili-ve-edebiyati-bolumu-ogrencileri-latmosu-kesfetti","status":"publish","type":"post","link":"https:\/\/www.egemtv.com\/?p=65619","title":{"rendered":"Frans\u0131z Dili ve Edebiyat\u0131 b\u00f6l\u00fcm\u00fc \u00f6\u011frencileri Latmos\u2019u ke\u015ffetti"},"content":{"rendered":"<p>Ayd\u0131n Adnan Menderes \u00dcniversitesi \u00f6\u011frencileri, mitolojinin sanattaki sembolik anlamlar\u0131n\u0131 Latmos\u2019un kaya resimleri ve do\u011fal dokusu \u00fczerinden inceledi.<\/p>\n<p>Ayd\u0131n Adnan Menderes \u00dcniversitesi (AD\u00dc) \u0130nsan ve Toplum Bilimleri Fak\u00fcltesi Frans\u0131z Dili ve Edebiyat\u0131 B\u00f6l\u00fcm\u00fc \u00f6\u011frencileri, FDE 227 &#8220;Mitolojiye Giri\u015f I&#8221; dersi kapsam\u0131nda Latmos (Be\u015fparmak) Da\u011flar\u0131\u2019na gezi d\u00fczenledi. Do\u011fal, k\u00fclt\u00fcrel de\u011ferleriyle Ayd\u0131n ve Mu\u011fla illeri aras\u0131nda uzanan Latmos Da\u011flar\u0131\u2019nda ger\u00e7ekle\u015ftirilen etkinlikte, \u00f6\u011frenciler b\u00f6lgenin floras\u0131, faunas\u0131, jeolojik yap\u0131s\u0131, Neolitik D\u00f6nem\u2019den bug\u00fcne uzanan insan ya\u015fam\u0131, k\u0131rsal mimarisi, kaya resimleri ve mitolojik hikayeleri yerinde inceledi. Arkeolojik sit kapsam\u0131ndaki alanlar\u0131n d\u0131\u015f\u0131nda hen\u00fcz koruma stat\u00fcs\u00fcne sahip olmayan b\u00f6lgede, do\u011fal peyzaj\u0131n kar\u015f\u0131 kar\u015f\u0131ya oldu\u011fu tehditler de \u00f6\u011frencilere anlat\u0131ld\u0131. Gezide ayr\u0131ca Azap G\u00f6l\u00fc Ulusal Sulak Alan\u0131\u2019n\u0131n antik d\u00f6nemden g\u00fcn\u00fcm\u00fcze uzanan hikayesi, iklim de\u011fi\u015fikli\u011finin etkileri ve biyolojik \u00e7e\u015fitlilik a\u00e7\u0131s\u0131ndan \u00f6nemi vurguland\u0131. Geziye, Frans\u0131z Dili ve Edebiyat\u0131 B\u00f6l\u00fcm\u00fc Ara\u015ft\u0131rma G\u00f6revlisi Elif \u00d6nde\u015f \u00f6nc\u00fcl\u00fck ederken, \u00f6\u011frencilere Ar\u015f. G\u00f6r. M\u00fckerrem K\u00fcr\u00fcm ve Ekosistemi Koruma ve Do\u011fa Sevenler Derne\u011fi (EKODOSD) Ba\u015fkan\u0131 Bahattin S\u00fcr\u00fcc\u00fc rehberlik etti.<\/p>\n<p>Gezi ile ilgili a\u00e7\u0131klamalarda bulunan \u00d6nde\u015f, &#8220;Mitolojinin sanatta soyut ve sembolik anlam\u0131n\u0131n somut \u00f6rneklerle peki\u015ftirilmesi ve bu \u00f6rneklerin farkl\u0131 disiplinlerde nas\u0131l anlamland\u0131r\u0131ld\u0131\u011f\u0131n\u0131 yerinde g\u00f6rmek amac\u0131yla Latmos\u2019a bir gezi d\u00fczenledik. Rehberlikleri ve kapsaml\u0131 bilgilendirmeleri i\u00e7in Bahattin S\u00fcr\u00fcc\u00fc ve M\u00fckerrem K\u00fcr\u00fcm\u2019e te\u015fekk\u00fcr ederiz&#8221; dedi.<\/p>\n<p>Konu ile ilgili a\u00e7\u0131klamalarda bulunan Ba\u015fkan S\u00fcr\u00fcc\u00fc ise a\u00e7\u0131klamas\u0131nda &#8220;Ayd\u0131n ve Mu\u011fla illerinin s\u0131n\u0131rlar\u0131 i\u00e7inde bulunan, do\u011fal ve k\u00fclt\u00fcrel kaynak de\u011ferleri a\u00e7\u0131s\u0131ndan \u00f6nemli bir do\u011fa alan\u0131 olan Latmos (Be\u015fparmak) Da\u011flar\u0131, Frans\u0131z Dili ve Edebiyat\u0131 B\u00f6l\u00fcm\u00fc \u00f6\u011frencilerine tan\u0131t\u0131ld\u0131. Arkeolojik Sit Kapsam\u0131nda bulunan alanlar\u0131n\u0131n haricinde hen\u00fcz bir koruma stat\u00fcs\u00fc olmayan Latmos Da\u011flar\u0131\u2019n\u0131n floras\u0131, faunas\u0131, jeolojik olu\u015fumlar\u0131, Neoloitik D\u00f6nem\u2019den g\u00fcn\u00fcm\u00fcze insan ya\u015fam\u0131, k\u0131rsal mimarisi, kaya resimleri, mitolojik hikayeleri, g\u00fcn\u00fcm\u00fczdeki geleneksel ya\u015fam, b\u00f6lgede geri d\u00f6n\u00fclmez bir bi\u00e7imde tahrip olan do\u011fal peyzaj ve tehditler yerinde gezilerek anlat\u0131ld\u0131. Azap G\u00f6l\u00fc Ulusal Sulak Alan\u0131\u2019n\u0131n antik d\u00f6nemden g\u00fcn\u00fcm\u00fcze hikayesi, iklim de\u011fi\u015fikli\u011finin getirdi\u011fi de\u011fi\u015fimler ve biyolojik \u00e7e\u015fitlilik a\u00e7\u0131s\u0131ndan \u00f6nemine vurgu yap\u0131ld\u0131&#8221; ifadeleri yer ald\u0131.<br \/><\/p>\n","protected":false},"excerpt":{"rendered":"<p>Ayd\u0131n Adnan Menderes \u00dcniversitesi \u00f6\u011frencileri, mitolojinin sanattaki sembolik anlamlar\u0131n\u0131 Latmos\u2019un kaya resimleri ve do\u011fal dokusu \u00fczerinden inceledi. Ayd\u0131n Adnan Menderes \u00dcniversitesi (AD\u00dc) \u0130nsan ve Toplum Bilimleri Fak\u00fcltesi Frans\u0131z Dili ve Edebiyat\u0131 B\u00f6l\u00fcm\u00fc \u00f6\u011frencileri, FDE 227 &#8220;Mitolojiye Giri\u015f I&#8221; dersi kapsam\u0131nda Latmos (Be\u015fparmak) Da\u011flar\u0131\u2019na gezi d\u00fczenledi. Do\u011fal, k\u00fclt\u00fcrel de\u011ferleriyle Ayd\u0131n ve Mu\u011fla illeri aras\u0131nda uzanan Latmos&#8230;<\/p>\n","protected":false},"author":1,"featured_media":65620,"comment_status":"open","ping_status":"open","sticky":false,"template":"","format":"standard","meta":{"_crdt_document":"","footnotes":""},"categories":[1],"tags":[],"class_list":["post-65619","post","type-post","status-publish","format-standard","has-post-thumbnail","hentry","category-guncel"],"_links":{"self":[{"href":"https:\/\/www.egemtv.com\/index.php?rest_route=\/wp\/v2\/posts\/65619","targetHints":{"allow":["GET"]}}],"collection":[{"href":"https:\/\/www.egemtv.com\/index.php?rest_route=\/wp\/v2\/posts"}],"about":[{"href":"https:\/\/www.egemtv.com\/index.php?rest_route=\/wp\/v2\/types\/post"}],"author":[{"embeddable":true,"href":"https:\/\/www.egemtv.com\/index.php?rest_route=\/wp\/v2\/users\/1"}],"replies":[{"embeddable":true,"href":"https:\/\/www.egemtv.com\/index.php?rest_route=%2Fwp%2Fv2%2Fcomments&post=65619"}],"version-history":[{"count":1,"href":"https:\/\/www.egemtv.com\/index.php?rest_route=\/wp\/v2\/posts\/65619\/revisions"}],"predecessor-version":[{"id":65621,"href":"https:\/\/www.egemtv.com\/index.php?rest_route=\/wp\/v2\/posts\/65619\/revisions\/65621"}],"wp:featuredmedia":[{"embeddable":true,"href":"https:\/\/www.egemtv.com\/index.php?rest_route=\/wp\/v2\/media\/65620"}],"wp:attachment":[{"href":"https:\/\/www.egemtv.com\/index.php?rest_route=%2Fwp%2Fv2%2Fmedia&parent=65619"}],"wp:term":[{"taxonomy":"category","embeddable":true,"href":"https:\/\/www.egemtv.com\/index.php?rest_route=%2Fwp%2Fv2%2Fcategories&post=65619"},{"taxonomy":"post_tag","embeddable":true,"href":"https:\/\/www.egemtv.com\/index.php?rest_route=%2Fwp%2Fv2%2Ftags&post=65619"}],"curies":[{"name":"wp","href":"https:\/\/api.w.org\/{rel}","templated":true}]}}