{"id":65616,"date":"2025-11-04T09:15:23","date_gmt":"2025-11-04T06:15:23","guid":{"rendered":"https:\/\/www.egemtv.com\/?p=65616"},"modified":"2025-11-04T09:15:25","modified_gmt":"2025-11-04T06:15:25","slug":"nazillide-dogan-miniklere-ilk-hediye-nazilli-belediyesinden","status":"publish","type":"post","link":"https:\/\/www.egemtv.com\/?p=65616","title":{"rendered":"Nazilli\u2019de do\u011fan miniklere ilk hediye Nazilli Belediyesi\u2019nden"},"content":{"rendered":"<p>Nazilli Belediyesi, yeni do\u011fan bebeklerin sevincini ailelerle payla\u015fmak amac\u0131yla &#8220;Ho\u015f Geldin Bebek&#8221; projesini hayata ge\u00e7irdi.<\/p>\n<p>Belediye Ba\u015fkan\u0131 Dr. Ertu\u011frul Tetik \u00f6nc\u00fcl\u00fc\u011f\u00fcnde ba\u015flat\u0131lan proje kapsam\u0131nda Nazilli Belediyesi b\u00fcnyesinde olu\u015fturulan ekip, il\u00e7ede d\u00fcnyaya gelen miniklerin ailelerini ziyaret ederek \u00f6zel olarak haz\u0131rlanan yeni do\u011fan setlerini hediye etti.<\/p>\n<p>Proje \u00e7er\u00e7evesinde Nazilli Belediyesi K\u00fclt\u00fcr ve Sosyal \u0130\u015fler M\u00fcd\u00fcr\u00fc Bahar Erdo\u011fan Uluda\u011f ile Belediye Ba\u015fkan\u0131 Dr. Ertu\u011frul Tetik\u2019in e\u015fi Ay\u015f\u0131n Tetik, talepte bulunan aileleri evlerinde ziyaret ederek hediyelerini takdim etti. Ailelerin mutlulu\u011funa ortak olan ekip, hem yeni do\u011fan bebeklere ilk hediyelerini verdi hem de ailelerin sevincini payla\u015ft\u0131.<\/p>\n<p>Bu t\u00fcr sosyal projelerin 2026 y\u0131l\u0131nda art\u0131r\u0131laca\u011f\u0131n\u0131 ifade eden Nazilli Belediye Ba\u015fkan\u0131 Dr. Ertu\u011frul Tetik, &#8220;Yeni bir hayat\u0131n ba\u015flad\u0131\u011f\u0131 bu \u00f6zel anlarda ailelerimizin mutlulu\u011funu payla\u015fmak istiyoruz. Projemiz kapsam\u0131nda ger\u00e7ekle\u015ftirilecek ziyaretlerle hem ailelerimizin sevincine ortak olaca\u011f\u0131z hem de toplumun en k\u00fc\u00e7\u00fck bireylerine ilk hediyelerini ula\u015ft\u0131raca\u011f\u0131z&#8221; ifadelerini kulland\u0131.<br \/><\/p>\n","protected":false},"excerpt":{"rendered":"<p>Nazilli Belediyesi, yeni do\u011fan bebeklerin sevincini ailelerle payla\u015fmak amac\u0131yla &#8220;Ho\u015f Geldin Bebek&#8221; projesini hayata ge\u00e7irdi. Belediye Ba\u015fkan\u0131 Dr. Ertu\u011frul Tetik \u00f6nc\u00fcl\u00fc\u011f\u00fcnde ba\u015flat\u0131lan proje kapsam\u0131nda Nazilli Belediyesi b\u00fcnyesinde olu\u015fturulan ekip, il\u00e7ede d\u00fcnyaya gelen miniklerin ailelerini ziyaret ederek \u00f6zel olarak haz\u0131rlanan yeni do\u011fan setlerini hediye etti. Proje \u00e7er\u00e7evesinde Nazilli Belediyesi K\u00fclt\u00fcr ve Sosyal \u0130\u015fler M\u00fcd\u00fcr\u00fc Bahar Erdo\u011fan&#8230;<\/p>\n","protected":false},"author":1,"featured_media":65617,"comment_status":"open","ping_status":"open","sticky":false,"template":"","format":"standard","meta":{"_crdt_document":"","footnotes":""},"categories":[1],"tags":[],"class_list":["post-65616","post","type-post","status-publish","format-standard","has-post-thumbnail","hentry","category-guncel"],"_links":{"self":[{"href":"https:\/\/www.egemtv.com\/index.php?rest_route=\/wp\/v2\/posts\/65616","targetHints":{"allow":["GET"]}}],"collection":[{"href":"https:\/\/www.egemtv.com\/index.php?rest_route=\/wp\/v2\/posts"}],"about":[{"href":"https:\/\/www.egemtv.com\/index.php?rest_route=\/wp\/v2\/types\/post"}],"author":[{"embeddable":true,"href":"https:\/\/www.egemtv.com\/index.php?rest_route=\/wp\/v2\/users\/1"}],"replies":[{"embeddable":true,"href":"https:\/\/www.egemtv.com\/index.php?rest_route=%2Fwp%2Fv2%2Fcomments&post=65616"}],"version-history":[{"count":1,"href":"https:\/\/www.egemtv.com\/index.php?rest_route=\/wp\/v2\/posts\/65616\/revisions"}],"predecessor-version":[{"id":65618,"href":"https:\/\/www.egemtv.com\/index.php?rest_route=\/wp\/v2\/posts\/65616\/revisions\/65618"}],"wp:featuredmedia":[{"embeddable":true,"href":"https:\/\/www.egemtv.com\/index.php?rest_route=\/wp\/v2\/media\/65617"}],"wp:attachment":[{"href":"https:\/\/www.egemtv.com\/index.php?rest_route=%2Fwp%2Fv2%2Fmedia&parent=65616"}],"wp:term":[{"taxonomy":"category","embeddable":true,"href":"https:\/\/www.egemtv.com\/index.php?rest_route=%2Fwp%2Fv2%2Fcategories&post=65616"},{"taxonomy":"post_tag","embeddable":true,"href":"https:\/\/www.egemtv.com\/index.php?rest_route=%2Fwp%2Fv2%2Ftags&post=65616"}],"curies":[{"name":"wp","href":"https:\/\/api.w.org\/{rel}","templated":true}]}}