{"id":65613,"date":"2025-11-04T05:34:40","date_gmt":"2025-11-04T02:34:40","guid":{"rendered":"https:\/\/www.egemtv.com\/?p=65613"},"modified":"2025-11-04T05:34:41","modified_gmt":"2025-11-04T02:34:41","slug":"tira-arkadan-carpan-otomobil-hurda-yiginina-dondu-1-olu","status":"publish","type":"post","link":"https:\/\/www.egemtv.com\/?p=65613","title":{"rendered":"T\u0131ra arkadan \u00e7arpan otomobil hurda y\u0131\u011f\u0131n\u0131na d\u00f6nd\u00fc: 1 \u00f6l\u00fc"},"content":{"rendered":"<p>K\u00fctahya\u2019n\u0131n Tav\u015fanl\u0131 il\u00e7esinde otomobil ile t\u0131r\u0131n \u00e7arpmas\u0131 sonucu meydana gelen trafik kazas\u0131nda 1 ki\u015fi hayat\u0131n\u0131 kaybetti, 1 ki\u015fi de yaraland\u0131.<br \/>\n<br \/>Kaza, K\u00fctahya-Tav\u015fanl\u0131 yolu 12. kilometresinde \u015eahmelek Rampas\u0131 Mevkii\u2019nde meydana geldi. Edinilen bilgilere g\u00f6re, K\u00fctahya\u2019dan Tav\u015fanl\u0131 istikametine gitmekte olan \u0130brahim Aras (51)  idaresindeki 43 UZ 883 plakal\u0131 otomobil, ayn\u0131 y\u00f6nde seyreden Ahmet \u0130. idaresindeki 54 SH 480 plakal\u0131 t\u0131ra arkadan \u00e7arpt\u0131. Kazada, 43 UZ 883 plakal\u0131 otomobilin s\u00fcr\u00fcc\u00fcs\u00fc \u0130brahim Aras olay yerinde hayat\u0131n\u0131 kaybetti. T\u0131r s\u00fcr\u00fcc\u00fcs\u00fc Ahmet \u0130. ise yaraland\u0131. Yaral\u0131 s\u00fcr\u00fcc\u00fc ambulansla hastaneye g\u00f6t\u00fcr\u00fclecek tedavi alt\u0131na al\u0131nd\u0131.<br \/>\n<br \/>Aras\u2019\u0131n cenazesi otopsi i\u015flemleri i\u00e7in hastane morguna g\u00f6t\u00fcr\u00fcld\u00fc.<br \/><\/p>\n","protected":false},"excerpt":{"rendered":"<p>K\u00fctahya\u2019n\u0131n Tav\u015fanl\u0131 il\u00e7esinde otomobil ile t\u0131r\u0131n \u00e7arpmas\u0131 sonucu meydana gelen trafik kazas\u0131nda 1 ki\u015fi hayat\u0131n\u0131 kaybetti, 1 ki\u015fi de yaraland\u0131. Kaza, K\u00fctahya-Tav\u015fanl\u0131 yolu 12. kilometresinde \u015eahmelek Rampas\u0131 Mevkii\u2019nde meydana geldi. Edinilen bilgilere g\u00f6re, K\u00fctahya\u2019dan Tav\u015fanl\u0131 istikametine gitmekte olan \u0130brahim Aras (51) idaresindeki 43 UZ 883 plakal\u0131 otomobil, ayn\u0131 y\u00f6nde seyreden Ahmet \u0130. idaresindeki 54 SH&#8230;<\/p>\n","protected":false},"author":1,"featured_media":65614,"comment_status":"open","ping_status":"open","sticky":false,"template":"","format":"standard","meta":{"_crdt_document":"","footnotes":""},"categories":[5],"tags":[],"class_list":["post-65613","post","type-post","status-publish","format-standard","has-post-thumbnail","hentry","category-asayis"],"_links":{"self":[{"href":"https:\/\/www.egemtv.com\/index.php?rest_route=\/wp\/v2\/posts\/65613","targetHints":{"allow":["GET"]}}],"collection":[{"href":"https:\/\/www.egemtv.com\/index.php?rest_route=\/wp\/v2\/posts"}],"about":[{"href":"https:\/\/www.egemtv.com\/index.php?rest_route=\/wp\/v2\/types\/post"}],"author":[{"embeddable":true,"href":"https:\/\/www.egemtv.com\/index.php?rest_route=\/wp\/v2\/users\/1"}],"replies":[{"embeddable":true,"href":"https:\/\/www.egemtv.com\/index.php?rest_route=%2Fwp%2Fv2%2Fcomments&post=65613"}],"version-history":[{"count":1,"href":"https:\/\/www.egemtv.com\/index.php?rest_route=\/wp\/v2\/posts\/65613\/revisions"}],"predecessor-version":[{"id":65615,"href":"https:\/\/www.egemtv.com\/index.php?rest_route=\/wp\/v2\/posts\/65613\/revisions\/65615"}],"wp:featuredmedia":[{"embeddable":true,"href":"https:\/\/www.egemtv.com\/index.php?rest_route=\/wp\/v2\/media\/65614"}],"wp:attachment":[{"href":"https:\/\/www.egemtv.com\/index.php?rest_route=%2Fwp%2Fv2%2Fmedia&parent=65613"}],"wp:term":[{"taxonomy":"category","embeddable":true,"href":"https:\/\/www.egemtv.com\/index.php?rest_route=%2Fwp%2Fv2%2Fcategories&post=65613"},{"taxonomy":"post_tag","embeddable":true,"href":"https:\/\/www.egemtv.com\/index.php?rest_route=%2Fwp%2Fv2%2Ftags&post=65613"}],"curies":[{"name":"wp","href":"https:\/\/api.w.org\/{rel}","templated":true}]}}