{"id":65607,"date":"2025-11-03T21:17:25","date_gmt":"2025-11-03T18:17:25","guid":{"rendered":"https:\/\/www.egemtv.com\/?p=65607"},"modified":"2025-11-03T21:17:26","modified_gmt":"2025-11-03T18:17:26","slug":"kutahyada-cikan-yanginda-iki-ev-ve-bir-ahir-kullanilamaz-hale-geldi","status":"publish","type":"post","link":"https:\/\/www.egemtv.com\/?p=65607","title":{"rendered":"K\u00fctahya\u2019da \u00e7\u0131kan yang\u0131nda iki ev ve bir ah\u0131r kullan\u0131lamaz hale geldi"},"content":{"rendered":"<p>K\u00fctahya\u2019n\u0131n Hisarc\u0131k il\u00e7esi \u015eeyhler k\u00f6y\u00fcnde \u00e7\u0131kan yang\u0131nda iki ev ve bir ah\u0131r kullan\u0131lamaz hale geldi.<br \/>\n<br \/>Edinilen bilgiye g\u00f6re, il\u00e7eye ba\u011fl\u0131 \u015eeyhler k\u00f6y\u00fcnde Ya\u015far K.\u2019ya ait evde hen\u00fcz belirlenemeyen bir nedenle yang\u0131n \u00e7\u0131kt\u0131. B\u00fcy\u00fcyen yang\u0131n Hasan H\u00fcseyin K.\u2019ya ait eve de s\u0131\u00e7rad\u0131. \u0130hbar \u00fczerine yang\u0131n mahalline Hisarc\u0131k Belediyesi \u0130tfaiyesi ve Orman \u0130\u015fletme M\u00fcd\u00fcrl\u00fc\u011f\u00fc yang\u0131n s\u00f6nd\u00fcrme ekipleri ile jandarma ve sa\u011fl\u0131k ekipleri sevk edildi. Ekiplerin m\u00fcdahalesiyle yang\u0131n yakla\u015f\u0131k 2 saatte s\u00f6nd\u00fcr\u00fcld\u00fc. \u0130ki ev ve bir ah\u0131r\u0131n kullan\u0131lamaz hale geldi\u011fi yang\u0131nla ilgili soru\u015fturma s\u00fcr\u00fcyor.<br \/><\/p>\n","protected":false},"excerpt":{"rendered":"<p>K\u00fctahya\u2019n\u0131n Hisarc\u0131k il\u00e7esi \u015eeyhler k\u00f6y\u00fcnde \u00e7\u0131kan yang\u0131nda iki ev ve bir ah\u0131r kullan\u0131lamaz hale geldi. Edinilen bilgiye g\u00f6re, il\u00e7eye ba\u011fl\u0131 \u015eeyhler k\u00f6y\u00fcnde Ya\u015far K.\u2019ya ait evde hen\u00fcz belirlenemeyen bir nedenle yang\u0131n \u00e7\u0131kt\u0131. B\u00fcy\u00fcyen yang\u0131n Hasan H\u00fcseyin K.\u2019ya ait eve de s\u0131\u00e7rad\u0131. \u0130hbar \u00fczerine yang\u0131n mahalline Hisarc\u0131k Belediyesi \u0130tfaiyesi ve Orman \u0130\u015fletme M\u00fcd\u00fcrl\u00fc\u011f\u00fc yang\u0131n s\u00f6nd\u00fcrme ekipleri&#8230;<\/p>\n","protected":false},"author":1,"featured_media":65608,"comment_status":"open","ping_status":"open","sticky":false,"template":"","format":"standard","meta":{"_crdt_document":"","footnotes":""},"categories":[5],"tags":[],"class_list":["post-65607","post","type-post","status-publish","format-standard","has-post-thumbnail","hentry","category-asayis"],"_links":{"self":[{"href":"https:\/\/www.egemtv.com\/index.php?rest_route=\/wp\/v2\/posts\/65607","targetHints":{"allow":["GET"]}}],"collection":[{"href":"https:\/\/www.egemtv.com\/index.php?rest_route=\/wp\/v2\/posts"}],"about":[{"href":"https:\/\/www.egemtv.com\/index.php?rest_route=\/wp\/v2\/types\/post"}],"author":[{"embeddable":true,"href":"https:\/\/www.egemtv.com\/index.php?rest_route=\/wp\/v2\/users\/1"}],"replies":[{"embeddable":true,"href":"https:\/\/www.egemtv.com\/index.php?rest_route=%2Fwp%2Fv2%2Fcomments&post=65607"}],"version-history":[{"count":1,"href":"https:\/\/www.egemtv.com\/index.php?rest_route=\/wp\/v2\/posts\/65607\/revisions"}],"predecessor-version":[{"id":65609,"href":"https:\/\/www.egemtv.com\/index.php?rest_route=\/wp\/v2\/posts\/65607\/revisions\/65609"}],"wp:featuredmedia":[{"embeddable":true,"href":"https:\/\/www.egemtv.com\/index.php?rest_route=\/wp\/v2\/media\/65608"}],"wp:attachment":[{"href":"https:\/\/www.egemtv.com\/index.php?rest_route=%2Fwp%2Fv2%2Fmedia&parent=65607"}],"wp:term":[{"taxonomy":"category","embeddable":true,"href":"https:\/\/www.egemtv.com\/index.php?rest_route=%2Fwp%2Fv2%2Fcategories&post=65607"},{"taxonomy":"post_tag","embeddable":true,"href":"https:\/\/www.egemtv.com\/index.php?rest_route=%2Fwp%2Fv2%2Ftags&post=65607"}],"curies":[{"name":"wp","href":"https:\/\/api.w.org\/{rel}","templated":true}]}}