{"id":65604,"date":"2025-11-03T20:34:41","date_gmt":"2025-11-03T17:34:41","guid":{"rendered":"https:\/\/www.egemtv.com\/?p=65604"},"modified":"2025-11-03T20:34:43","modified_gmt":"2025-11-03T17:34:43","slug":"usakta-iki-otomobil-carpisti-2-yarali","status":"publish","type":"post","link":"https:\/\/www.egemtv.com\/?p=65604","title":{"rendered":"U\u015fak\u2019ta iki otomobil \u00e7arp\u0131\u015ft\u0131: 2 yaral\u0131"},"content":{"rendered":"<p>U\u015fak\u2019ta iki otomobilin \u00e7arp\u0131\u015fmas\u0131 sonucu 1\u2019i \u00e7ocuk 2 ki\u015fi yaralanarak hastaneye kald\u0131r\u0131ld\u0131.<br \/>\n<br \/>Kaza, U\u015fak merkeze ba\u011fl\u0131 Cumhuriyet Mahallesi 4. M\u00fccahit Sokak ile U\u011fur Mumcu Caddesi kesi\u015fiminde meydana geldi. Edinilen bilgilere g\u00f6re, \u00d6.\u015e. (32) y\u00f6netimindeki 64 KE 042 plakal\u0131 otomobil, kav\u015fa\u011fa geldi\u011fi esnada U\u011fur Mumcu Caddesi \u00fczerinde seyir halinde olan H.C. (46) idaresindeki 64 AEH 788 plakal\u0131 otomobille \u00e7arp\u0131\u015ft\u0131.<br \/>\n<br \/>\u00c7evredeki vatanda\u015flar\u0131n durumu 112 Acil \u00c7a\u011fr\u0131 Merkezi\u2019ne bildirmesi \u00fczerine b\u00f6lgeye 112 Sa\u011fl\u0131k ve polis ekipleri sevk edildi. 112 Sa\u011fl\u0131k ekiplerince 64 KE 042 plakal\u0131 otomobil s\u00fcr\u00fcc\u00fc \u00d6.\u015e. ile ayn\u0131 ara\u00e7ta yolcu konumunda bulunan k\u0131z\u0131 M.Y. (6), U\u015fak E\u011fitim ve Ara\u015ft\u0131rma Hastanesi\u2019ne sevk edildi.<br \/>\n<br \/>\u00d6te yandan, kazayla ilgili soru\u015fturma ba\u015flat\u0131l\u0131rken, yaral\u0131lar\u0131n sa\u011fl\u0131k durumlar\u0131n\u0131n iyi oldu\u011fu \u00f6\u011frenildi.<br \/><\/p>\n","protected":false},"excerpt":{"rendered":"<p>U\u015fak\u2019ta iki otomobilin \u00e7arp\u0131\u015fmas\u0131 sonucu 1\u2019i \u00e7ocuk 2 ki\u015fi yaralanarak hastaneye kald\u0131r\u0131ld\u0131. Kaza, U\u015fak merkeze ba\u011fl\u0131 Cumhuriyet Mahallesi 4. M\u00fccahit Sokak ile U\u011fur Mumcu Caddesi kesi\u015fiminde meydana geldi. Edinilen bilgilere g\u00f6re, \u00d6.\u015e. (32) y\u00f6netimindeki 64 KE 042 plakal\u0131 otomobil, kav\u015fa\u011fa geldi\u011fi esnada U\u011fur Mumcu Caddesi \u00fczerinde seyir halinde olan H.C. (46) idaresindeki 64 AEH 788&#8230;<\/p>\n","protected":false},"author":1,"featured_media":65605,"comment_status":"open","ping_status":"open","sticky":false,"template":"","format":"standard","meta":{"_crdt_document":"","footnotes":""},"categories":[5],"tags":[],"class_list":["post-65604","post","type-post","status-publish","format-standard","has-post-thumbnail","hentry","category-asayis"],"_links":{"self":[{"href":"https:\/\/www.egemtv.com\/index.php?rest_route=\/wp\/v2\/posts\/65604","targetHints":{"allow":["GET"]}}],"collection":[{"href":"https:\/\/www.egemtv.com\/index.php?rest_route=\/wp\/v2\/posts"}],"about":[{"href":"https:\/\/www.egemtv.com\/index.php?rest_route=\/wp\/v2\/types\/post"}],"author":[{"embeddable":true,"href":"https:\/\/www.egemtv.com\/index.php?rest_route=\/wp\/v2\/users\/1"}],"replies":[{"embeddable":true,"href":"https:\/\/www.egemtv.com\/index.php?rest_route=%2Fwp%2Fv2%2Fcomments&post=65604"}],"version-history":[{"count":1,"href":"https:\/\/www.egemtv.com\/index.php?rest_route=\/wp\/v2\/posts\/65604\/revisions"}],"predecessor-version":[{"id":65606,"href":"https:\/\/www.egemtv.com\/index.php?rest_route=\/wp\/v2\/posts\/65604\/revisions\/65606"}],"wp:featuredmedia":[{"embeddable":true,"href":"https:\/\/www.egemtv.com\/index.php?rest_route=\/wp\/v2\/media\/65605"}],"wp:attachment":[{"href":"https:\/\/www.egemtv.com\/index.php?rest_route=%2Fwp%2Fv2%2Fmedia&parent=65604"}],"wp:term":[{"taxonomy":"category","embeddable":true,"href":"https:\/\/www.egemtv.com\/index.php?rest_route=%2Fwp%2Fv2%2Fcategories&post=65604"},{"taxonomy":"post_tag","embeddable":true,"href":"https:\/\/www.egemtv.com\/index.php?rest_route=%2Fwp%2Fv2%2Ftags&post=65604"}],"curies":[{"name":"wp","href":"https:\/\/api.w.org\/{rel}","templated":true}]}}