{"id":65598,"date":"2025-11-03T19:15:07","date_gmt":"2025-11-03T16:15:07","guid":{"rendered":"https:\/\/www.egemtv.com\/?p=65598"},"modified":"2025-11-03T19:15:08","modified_gmt":"2025-11-03T16:15:08","slug":"bodrumda-yelkenli-tekne-karaya-oturdu","status":"publish","type":"post","link":"https:\/\/www.egemtv.com\/?p=65598","title":{"rendered":"Bodrum\u2019da yelkenli tekne karaya oturdu"},"content":{"rendered":"<p>Mu\u011fla\u2019n\u0131n Bodrum il\u00e7esinde 41 metre boyundaki yelkenli tekne karaya oturdu. Tekne i\u00e7in kurtarma \u00e7al\u0131\u015fmas\u0131 ba\u015flat\u0131ld\u0131.<br \/>\n<br \/>Eski\u00e7e\u015fme Mahallesi Haremtan Burnu \u00f6nlerinde seyreden &#8220;Aegean Clipper&#8221; adl\u0131 yelkenli tekne karaya oturdu. Hareket edemeyen teknenin kaptan\u0131, gaz vererek tekneyi kendi motor g\u00fcc\u00fcyle kurtarmaya \u00e7al\u0131\u015ft\u0131 ama ba\u015far\u0131l\u0131 olamad\u0131. \u0130hbar\u0131n ard\u0131ndan Bodrum Sahil G\u00fcvenlik Karakol Komutanl\u0131\u011f\u0131 ekipleri b\u00f6lgeye geldi. Teknenin kurtar\u0131lmas\u0131 i\u00e7in \u00e7al\u0131\u015fmalar s\u00fcr\u00fcyor.<br \/><\/p>\n","protected":false},"excerpt":{"rendered":"<p>Mu\u011fla\u2019n\u0131n Bodrum il\u00e7esinde 41 metre boyundaki yelkenli tekne karaya oturdu. Tekne i\u00e7in kurtarma \u00e7al\u0131\u015fmas\u0131 ba\u015flat\u0131ld\u0131. Eski\u00e7e\u015fme Mahallesi Haremtan Burnu \u00f6nlerinde seyreden &#8220;Aegean Clipper&#8221; adl\u0131 yelkenli tekne karaya oturdu. Hareket edemeyen teknenin kaptan\u0131, gaz vererek tekneyi kendi motor g\u00fcc\u00fcyle kurtarmaya \u00e7al\u0131\u015ft\u0131 ama ba\u015far\u0131l\u0131 olamad\u0131. \u0130hbar\u0131n ard\u0131ndan Bodrum Sahil G\u00fcvenlik Karakol Komutanl\u0131\u011f\u0131 ekipleri b\u00f6lgeye geldi. Teknenin kurtar\u0131lmas\u0131&#8230;<\/p>\n","protected":false},"author":1,"featured_media":65599,"comment_status":"open","ping_status":"open","sticky":false,"template":"","format":"standard","meta":{"_crdt_document":"","footnotes":""},"categories":[1],"tags":[],"class_list":["post-65598","post","type-post","status-publish","format-standard","has-post-thumbnail","hentry","category-guncel"],"_links":{"self":[{"href":"https:\/\/www.egemtv.com\/index.php?rest_route=\/wp\/v2\/posts\/65598","targetHints":{"allow":["GET"]}}],"collection":[{"href":"https:\/\/www.egemtv.com\/index.php?rest_route=\/wp\/v2\/posts"}],"about":[{"href":"https:\/\/www.egemtv.com\/index.php?rest_route=\/wp\/v2\/types\/post"}],"author":[{"embeddable":true,"href":"https:\/\/www.egemtv.com\/index.php?rest_route=\/wp\/v2\/users\/1"}],"replies":[{"embeddable":true,"href":"https:\/\/www.egemtv.com\/index.php?rest_route=%2Fwp%2Fv2%2Fcomments&post=65598"}],"version-history":[{"count":1,"href":"https:\/\/www.egemtv.com\/index.php?rest_route=\/wp\/v2\/posts\/65598\/revisions"}],"predecessor-version":[{"id":65600,"href":"https:\/\/www.egemtv.com\/index.php?rest_route=\/wp\/v2\/posts\/65598\/revisions\/65600"}],"wp:featuredmedia":[{"embeddable":true,"href":"https:\/\/www.egemtv.com\/index.php?rest_route=\/wp\/v2\/media\/65599"}],"wp:attachment":[{"href":"https:\/\/www.egemtv.com\/index.php?rest_route=%2Fwp%2Fv2%2Fmedia&parent=65598"}],"wp:term":[{"taxonomy":"category","embeddable":true,"href":"https:\/\/www.egemtv.com\/index.php?rest_route=%2Fwp%2Fv2%2Fcategories&post=65598"},{"taxonomy":"post_tag","embeddable":true,"href":"https:\/\/www.egemtv.com\/index.php?rest_route=%2Fwp%2Fv2%2Ftags&post=65598"}],"curies":[{"name":"wp","href":"https:\/\/api.w.org\/{rel}","templated":true}]}}