{"id":65592,"date":"2025-11-03T17:35:02","date_gmt":"2025-11-03T14:35:02","guid":{"rendered":"https:\/\/www.egemtv.com\/?p=65592"},"modified":"2025-11-03T17:35:03","modified_gmt":"2025-11-03T14:35:03","slug":"kusadasi-oyuncak-muzesine-kavusuyor","status":"publish","type":"post","link":"https:\/\/www.egemtv.com\/?p=65592","title":{"rendered":"Ku\u015fadas\u0131 oyuncak m\u00fczesine kavu\u015fuyor"},"content":{"rendered":"<p>Ku\u015fadas\u0131 Belediye Ba\u015fkan\u0131 \u00d6mer G\u00fcnel ile koleksiyoncu Ayla Adanal\u0131 ve ARYA A.\u015e Y\u00f6netim Kurulu Ba\u015fkan\u0131 O\u011fuzhan Turan aras\u0131nda, kentte oyuncak m\u00fczesinin kurulmas\u0131yla ilgili i\u015f birli\u011fi protokol\u00fc imzaland\u0131. Y\u0131ld\u0131r\u0131m Caddesi\u2019nde a\u00e7\u0131lacak olan m\u00fczede Anadolu ba\u015fta olmak \u00fczere d\u00fcnyan\u0131n farkl\u0131 k\u00fclt\u00fcr ve co\u011frafyalar\u0131na ait nostaljik oyuncaklar sergilenecek.<\/p>\n<p>Ku\u015fadas\u0131 Belediyesi, Ba\u015fkan \u00d6mer G\u00fcnel\u2019in \u2019m\u00fczeler kenti\u2019 projesi kapsam\u0131nda \u00f6nemli bir ad\u0131m daha att\u0131. Bu ama\u00e7la, Y\u0131ld\u0131r\u0131m Caddesi\u2019nde kurulacak olan oyuncak m\u00fczesi i\u00e7in Ba\u015fkan \u00d6mer G\u00fcnel, koleksiyoncu Ayla Adanal\u0131 ve ARYA A.\u015e Y\u00f6netim Kurulu Ba\u015fkan\u0131 O\u011fuzhan Turan aras\u0131nda i\u015f birli\u011fi protokol\u00fc imzaland\u0131. M\u00fczede, 1900\u2019l\u00fc y\u0131llara ait ve g\u00fcn\u00fcm\u00fczde nadir bulunan 4 binden fazla nostaljik oyuncak sergilenecek. Ayr\u0131ca m\u00fcze i\u00e7erisinde ziyaret\u00e7ilerin dinlenmeleri i\u00e7in bir de kafeterya bulunacak. Ba\u015fkan \u00d6mer G\u00fcnel, b\u00fcg\u00fcne kadar Ku\u015fadas\u0131\u2019na Porselen Bebek M\u00fczesi, Rosemary An\u0131 Evi, Haluk Perk T\u00fcrk Kahvesi Evi, Fosil ve Mineral M\u00fczesi ile T\u00fcrkiye\u2019nin ilk deniz ticaret tarihi m\u00fczesini kazand\u0131rd\u0131.<\/p>\n<p>Protokol t\u00f6reninde konu\u015fan Ba\u015fkan \u00d6mer G\u00fcnel, &#8220;T\u00fcrk turizminin amiral gemisi olan Ku\u015fadas\u0131\u2019na yeni bir k\u00fclt\u00fcrel rota daha kazand\u0131rman\u0131n mutlulu\u011funu ya\u015f\u0131yoruz. KUAKMER\u2019in kar\u015f\u0131s\u0131ndaki binada \u00e7ok yak\u0131nda kurulacak olan oyuncak m\u00fczemiz keyifli bir yer olacak. Sergiyi ziyaret eden yeti\u015fkinler de kendi \u00e7ocukluk d\u00f6nemlerini hat\u0131rlayacaklar. M\u00fczeyi kurmam\u0131z i\u00e7in bize destek olan Ayla Adanal\u0131\u2019ya da te\u015fekk\u00fcr ediyorum&#8221; dedi.<br \/><\/p>\n","protected":false},"excerpt":{"rendered":"<p>Ku\u015fadas\u0131 Belediye Ba\u015fkan\u0131 \u00d6mer G\u00fcnel ile koleksiyoncu Ayla Adanal\u0131 ve ARYA A.\u015e Y\u00f6netim Kurulu Ba\u015fkan\u0131 O\u011fuzhan Turan aras\u0131nda, kentte oyuncak m\u00fczesinin kurulmas\u0131yla ilgili i\u015f birli\u011fi protokol\u00fc imzaland\u0131. Y\u0131ld\u0131r\u0131m Caddesi\u2019nde a\u00e7\u0131lacak olan m\u00fczede Anadolu ba\u015fta olmak \u00fczere d\u00fcnyan\u0131n farkl\u0131 k\u00fclt\u00fcr ve co\u011frafyalar\u0131na ait nostaljik oyuncaklar sergilenecek. Ku\u015fadas\u0131 Belediyesi, Ba\u015fkan \u00d6mer G\u00fcnel\u2019in \u2019m\u00fczeler kenti\u2019 projesi kapsam\u0131nda \u00f6nemli&#8230;<\/p>\n","protected":false},"author":1,"featured_media":65593,"comment_status":"open","ping_status":"open","sticky":false,"template":"","format":"standard","meta":{"_crdt_document":"","footnotes":""},"categories":[1],"tags":[],"class_list":["post-65592","post","type-post","status-publish","format-standard","has-post-thumbnail","hentry","category-guncel"],"_links":{"self":[{"href":"https:\/\/www.egemtv.com\/index.php?rest_route=\/wp\/v2\/posts\/65592","targetHints":{"allow":["GET"]}}],"collection":[{"href":"https:\/\/www.egemtv.com\/index.php?rest_route=\/wp\/v2\/posts"}],"about":[{"href":"https:\/\/www.egemtv.com\/index.php?rest_route=\/wp\/v2\/types\/post"}],"author":[{"embeddable":true,"href":"https:\/\/www.egemtv.com\/index.php?rest_route=\/wp\/v2\/users\/1"}],"replies":[{"embeddable":true,"href":"https:\/\/www.egemtv.com\/index.php?rest_route=%2Fwp%2Fv2%2Fcomments&post=65592"}],"version-history":[{"count":1,"href":"https:\/\/www.egemtv.com\/index.php?rest_route=\/wp\/v2\/posts\/65592\/revisions"}],"predecessor-version":[{"id":65594,"href":"https:\/\/www.egemtv.com\/index.php?rest_route=\/wp\/v2\/posts\/65592\/revisions\/65594"}],"wp:featuredmedia":[{"embeddable":true,"href":"https:\/\/www.egemtv.com\/index.php?rest_route=\/wp\/v2\/media\/65593"}],"wp:attachment":[{"href":"https:\/\/www.egemtv.com\/index.php?rest_route=%2Fwp%2Fv2%2Fmedia&parent=65592"}],"wp:term":[{"taxonomy":"category","embeddable":true,"href":"https:\/\/www.egemtv.com\/index.php?rest_route=%2Fwp%2Fv2%2Fcategories&post=65592"},{"taxonomy":"post_tag","embeddable":true,"href":"https:\/\/www.egemtv.com\/index.php?rest_route=%2Fwp%2Fv2%2Ftags&post=65592"}],"curies":[{"name":"wp","href":"https:\/\/api.w.org\/{rel}","templated":true}]}}