{"id":65589,"date":"2025-11-03T16:54:53","date_gmt":"2025-11-03T13:54:53","guid":{"rendered":"https:\/\/www.egemtv.com\/?p=65589"},"modified":"2025-11-03T16:54:54","modified_gmt":"2025-11-03T13:54:54","slug":"aliagali-yuzuculer-turkiye-finallerine-kaldi","status":"publish","type":"post","link":"https:\/\/www.egemtv.com\/?p=65589","title":{"rendered":"Alia\u011fal\u0131 y\u00fcz\u00fcc\u00fcler T\u00fcrkiye finallerine kald\u0131"},"content":{"rendered":"<p>Alia\u011fal\u0131 y\u00fcz\u00fcc\u00fcler, \u0130zmir\u2019de ger\u00e7ekle\u015ftirilen 11\/12 Ya\u015f \u0130l \u0130\u00e7i 3. Vize yar\u0131\u015flar\u0131nda elde ettikleri ba\u015far\u0131larla T\u00fcrkiye Finallerine gitmeye hak kazand\u0131. \u0130zmir Halkap\u0131nar Olimpik Y\u00fczme Havuzu\u2019nda d\u00fczenlenen m\u00fcsabakalarda barajlar\u0131 ge\u00e7en Alia\u011fa Gen\u00e7lik Merkezi (AGM) Spor Kul\u00fcb\u00fc sporcular\u0131, Alia\u011fa\u2019ya bir kez daha gurur ya\u015fatt\u0131.<br \/>\n<br \/>T\u00fcrkiye Y\u00fczme Federasyonu taraf\u0131ndan Vedia Nil Apak an\u0131s\u0131na 27-30 Kas\u0131m 2025 tarihlerinde Trabzon\u2019da d\u00fczenlenecek olan 11\/12 Ya\u015f Ulusal Geli\u015fim Ligi T\u00fcrkiye Finalleri \u00f6ncesinde ger\u00e7ekle\u015ftirilen \u0130zmir 3. Vize yar\u0131\u015flar\u0131na 23 kul\u00fcpten 252 sporcu kat\u0131ld\u0131. Alia\u011fa ekibi, 11 ya\u015f kategorisinde 7 sporcu, 12 ya\u015f kategorisinde ise 5 sporcu ile m\u00fccadele etti.<br \/>\n<br \/>M\u00fcsabakalar sonucunda 12 ya\u015f sporcular\u0131ndan Hasan Ka\u011fan Uyan\u0131k ve Cafer Taha Berber baraj derecelerini ge\u00e7erek T\u00fcrkiye Finallerine kat\u0131lma hakk\u0131 kazand\u0131. Ayr\u0131ca baraj\u0131 k\u0131l pay\u0131 ka\u00e7\u0131ran Alia\u011fal\u0131 sporcular, 21-23 Kas\u0131m tarihleri aras\u0131nda Bal\u0131kesir\u2019de yap\u0131lacak 11-12 Ya\u015f Ulusal Geli\u015fim T\u00fcrkiye Finali Baraj Ge\u00e7me yar\u0131\u015flar\u0131 ile T\u00fcrkiye Y\u0131ld\u0131z-Gen\u00e7 ve A\u00e7\u0131k Ya\u015f Milli Tak\u0131m se\u00e7mesi baraj m\u00fcsabakalar\u0131nda yeniden \u015fanslar\u0131n\u0131 deneyecek.<\/p>\n<p>Muhammed Ali Duman: &#8220;Gurur ya\u015fatmaya devam edece\u011fiz&#8221;<br \/>\n<br \/>Alia\u011fa Belediyesi Y\u00fczme Antren\u00f6r\u00fc Muhammed Ali Duman, finallere sporcu g\u00f6ndermeyi art\u0131k gelenek haline getirdiklerini belirterek \u015funlar\u0131 s\u00f6yledi: &#8220;\u00d6ncelikle havuz imk\u00e2nlar\u0131m\u0131z ve tesislerimiz i\u00e7in Alia\u011fa Belediye Ba\u015fkan\u0131m\u0131z Serkan Acar\u2019a te\u015fekk\u00fcr ediyorum. T\u00fcm antren\u00f6r arkada\u015flar\u0131m\u0131zla hedeflerimiz i\u00e7in yo\u011fun bir \u015fekilde \u00e7al\u0131\u015f\u0131yoruz. Ge\u00e7ti\u011fimiz y\u0131l ilk kez Alia\u011fa\u2019dan sporcular\u0131m\u0131z\u0131 T\u00fcrkiye Finallerine g\u00f6nderdik. Bu sene de gelene\u011fi bozmad\u0131k ve yeniden finallerdeyiz. Her ge\u00e7en g\u00fcn daha fazla emek veriyoruz. Alia\u011fam\u0131za bu gururu ya\u015fatmaya devam edece\u011fiz&#8221; diyerek s\u00f6zlerini noktalad\u0131.<br \/><\/p>\n","protected":false},"excerpt":{"rendered":"<p>Alia\u011fal\u0131 y\u00fcz\u00fcc\u00fcler, \u0130zmir\u2019de ger\u00e7ekle\u015ftirilen 11\/12 Ya\u015f \u0130l \u0130\u00e7i 3. Vize yar\u0131\u015flar\u0131nda elde ettikleri ba\u015far\u0131larla T\u00fcrkiye Finallerine gitmeye hak kazand\u0131. \u0130zmir Halkap\u0131nar Olimpik Y\u00fczme Havuzu\u2019nda d\u00fczenlenen m\u00fcsabakalarda barajlar\u0131 ge\u00e7en Alia\u011fa Gen\u00e7lik Merkezi (AGM) Spor Kul\u00fcb\u00fc sporcular\u0131, Alia\u011fa\u2019ya bir kez daha gurur ya\u015fatt\u0131. T\u00fcrkiye Y\u00fczme Federasyonu taraf\u0131ndan Vedia Nil Apak an\u0131s\u0131na 27-30 Kas\u0131m 2025 tarihlerinde Trabzon\u2019da d\u00fczenlenecek&#8230;<\/p>\n","protected":false},"author":1,"featured_media":65590,"comment_status":"open","ping_status":"open","sticky":false,"template":"","format":"standard","meta":{"_crdt_document":"","footnotes":""},"categories":[4],"tags":[],"class_list":["post-65589","post","type-post","status-publish","format-standard","has-post-thumbnail","hentry","category-spor"],"_links":{"self":[{"href":"https:\/\/www.egemtv.com\/index.php?rest_route=\/wp\/v2\/posts\/65589","targetHints":{"allow":["GET"]}}],"collection":[{"href":"https:\/\/www.egemtv.com\/index.php?rest_route=\/wp\/v2\/posts"}],"about":[{"href":"https:\/\/www.egemtv.com\/index.php?rest_route=\/wp\/v2\/types\/post"}],"author":[{"embeddable":true,"href":"https:\/\/www.egemtv.com\/index.php?rest_route=\/wp\/v2\/users\/1"}],"replies":[{"embeddable":true,"href":"https:\/\/www.egemtv.com\/index.php?rest_route=%2Fwp%2Fv2%2Fcomments&post=65589"}],"version-history":[{"count":1,"href":"https:\/\/www.egemtv.com\/index.php?rest_route=\/wp\/v2\/posts\/65589\/revisions"}],"predecessor-version":[{"id":65591,"href":"https:\/\/www.egemtv.com\/index.php?rest_route=\/wp\/v2\/posts\/65589\/revisions\/65591"}],"wp:featuredmedia":[{"embeddable":true,"href":"https:\/\/www.egemtv.com\/index.php?rest_route=\/wp\/v2\/media\/65590"}],"wp:attachment":[{"href":"https:\/\/www.egemtv.com\/index.php?rest_route=%2Fwp%2Fv2%2Fmedia&parent=65589"}],"wp:term":[{"taxonomy":"category","embeddable":true,"href":"https:\/\/www.egemtv.com\/index.php?rest_route=%2Fwp%2Fv2%2Fcategories&post=65589"},{"taxonomy":"post_tag","embeddable":true,"href":"https:\/\/www.egemtv.com\/index.php?rest_route=%2Fwp%2Fv2%2Ftags&post=65589"}],"curies":[{"name":"wp","href":"https:\/\/api.w.org\/{rel}","templated":true}]}}