{"id":65580,"date":"2025-11-03T16:34:49","date_gmt":"2025-11-03T13:34:49","guid":{"rendered":"https:\/\/www.egemtv.com\/?p=65580"},"modified":"2025-11-03T16:34:52","modified_gmt":"2025-11-03T13:34:52","slug":"danismentli-ismail-efe-kamasina-kavustu","status":"publish","type":"post","link":"https:\/\/www.egemtv.com\/?p=65580","title":{"rendered":"Dani\u015fmentli \u0130smail Efe, kamas\u0131na kavu\u015ftu"},"content":{"rendered":"<p>Ayd\u0131n\u2019\u0131n Efeler il\u00e7esinde tarihi has\u0131r pazar\u0131nda bulunan ve kamas\u0131na zarar verilen Dani\u015fmentli \u0130smail Efe\u2019nin heykeli belediye ekipleri taraf\u0131ndan onar\u0131ld\u0131.<\/p>\n<p>Ayd\u0131n\u2019\u0131n kurtulu\u015funda k\u0131zanlar\u0131yla birlikte b\u00fcy\u00fck bir kahramanl\u0131k g\u00f6steren Milis Binba\u015f\u0131 Dani\u015fmentli \u0130smail Efe\u2019nin heykeline, kimli\u011fi belirsiz ki\u015fi ya da ki\u015filerce zarar verildi. \u00d6zellikle Yunan i\u015fgali s\u0131ras\u0131nda Ayd\u0131n\u2019da verdi\u011fi m\u00fccadele ve Yunanl\u0131lar\u0131 kendi toplar\u0131yla vurmas\u0131, kahramanl\u0131k destan\u0131n\u0131n en \u00f6nemli anlar\u0131ndan biri olarak tarih sahnesine ge\u00e7en Efe\u2019nin heykelindeki kama, bulundu\u011fu yerden s\u00f6k\u00fcld\u00fc.<\/p>\n<p>Ayd\u0131n\u2019\u0131n kurtulu\u015funda destans\u0131 bir kahramanl\u0131k sergileyen Milis Binba\u015f\u0131 Dani\u015fmentli \u0130smail Efe\u2019nin heykeline zarar verilmesinin ard\u0131ndan Efeler Belediyesi ekipleri kamas\u0131 s\u00f6k\u00fclen Efe\u2019nin an\u0131t\u0131n\u0131, yeniden eski haline kavu\u015fturdu.<br \/><\/p>\n","protected":false},"excerpt":{"rendered":"<p>Ayd\u0131n\u2019\u0131n Efeler il\u00e7esinde tarihi has\u0131r pazar\u0131nda bulunan ve kamas\u0131na zarar verilen Dani\u015fmentli \u0130smail Efe\u2019nin heykeli belediye ekipleri taraf\u0131ndan onar\u0131ld\u0131. Ayd\u0131n\u2019\u0131n kurtulu\u015funda k\u0131zanlar\u0131yla birlikte b\u00fcy\u00fck bir kahramanl\u0131k g\u00f6steren Milis Binba\u015f\u0131 Dani\u015fmentli \u0130smail Efe\u2019nin heykeline, kimli\u011fi belirsiz ki\u015fi ya da ki\u015filerce zarar verildi. \u00d6zellikle Yunan i\u015fgali s\u0131ras\u0131nda Ayd\u0131n\u2019da verdi\u011fi m\u00fccadele ve Yunanl\u0131lar\u0131 kendi toplar\u0131yla vurmas\u0131, kahramanl\u0131k destan\u0131n\u0131n&#8230;<\/p>\n","protected":false},"author":1,"featured_media":65581,"comment_status":"open","ping_status":"open","sticky":false,"template":"","format":"standard","meta":{"_crdt_document":"","footnotes":""},"categories":[1],"tags":[],"class_list":["post-65580","post","type-post","status-publish","format-standard","has-post-thumbnail","hentry","category-guncel"],"_links":{"self":[{"href":"https:\/\/www.egemtv.com\/index.php?rest_route=\/wp\/v2\/posts\/65580","targetHints":{"allow":["GET"]}}],"collection":[{"href":"https:\/\/www.egemtv.com\/index.php?rest_route=\/wp\/v2\/posts"}],"about":[{"href":"https:\/\/www.egemtv.com\/index.php?rest_route=\/wp\/v2\/types\/post"}],"author":[{"embeddable":true,"href":"https:\/\/www.egemtv.com\/index.php?rest_route=\/wp\/v2\/users\/1"}],"replies":[{"embeddable":true,"href":"https:\/\/www.egemtv.com\/index.php?rest_route=%2Fwp%2Fv2%2Fcomments&post=65580"}],"version-history":[{"count":1,"href":"https:\/\/www.egemtv.com\/index.php?rest_route=\/wp\/v2\/posts\/65580\/revisions"}],"predecessor-version":[{"id":65582,"href":"https:\/\/www.egemtv.com\/index.php?rest_route=\/wp\/v2\/posts\/65580\/revisions\/65582"}],"wp:featuredmedia":[{"embeddable":true,"href":"https:\/\/www.egemtv.com\/index.php?rest_route=\/wp\/v2\/media\/65581"}],"wp:attachment":[{"href":"https:\/\/www.egemtv.com\/index.php?rest_route=%2Fwp%2Fv2%2Fmedia&parent=65580"}],"wp:term":[{"taxonomy":"category","embeddable":true,"href":"https:\/\/www.egemtv.com\/index.php?rest_route=%2Fwp%2Fv2%2Fcategories&post=65580"},{"taxonomy":"post_tag","embeddable":true,"href":"https:\/\/www.egemtv.com\/index.php?rest_route=%2Fwp%2Fv2%2Ftags&post=65580"}],"curies":[{"name":"wp","href":"https:\/\/api.w.org\/{rel}","templated":true}]}}