{"id":6534,"date":"2025-01-10T17:09:26","date_gmt":"2025-01-10T14:09:26","guid":{"rendered":"https:\/\/www.egemtv.com\/?p=6534"},"modified":"2025-01-10T17:09:38","modified_gmt":"2025-01-10T14:09:38","slug":"yerli-ve-milli-100-adet-zirhli-arac-guvenlik-guclerine-teslim-edildi","status":"publish","type":"post","link":"https:\/\/www.egemtv.com\/?p=6534","title":{"rendered":"Yerli ve milli 100 adet z\u0131rhl\u0131 ara\u00e7 g\u00fcvenlik g\u00fc\u00e7lerine teslim edildi"},"content":{"rendered":"<p>T\u00fcrk m\u00fchendisleri taraf\u0131ndan \u00fcretilen 100 adet taktik tekerlekli z\u0131rhl\u0131 ara\u00e7, T\u00fcrk Kara Kuvvetleri ve Jandarma Genel Komutanl\u0131\u011f\u0131na teslim edildi. Savunma Sanayii Ba\u015fkan\u0131 (SSB) Prof. Dr. Haluk G\u00f6rg\u00fcn, \u201c3 bin 600\u2019\u00fcn \u00fczerinde ara\u00e7 \u015fu anda g\u00fcvenlik g\u00fc\u00e7lerimizin kullan\u0131m\u0131na sunuldu. Hali haz\u0131rda s\u00f6zle\u015fme alt\u0131nda olan 5 bin \u00fczerinde arac\u0131m\u0131zla yine \u00fcretiliyor ve teslimata haz\u0131r hale gelecek\u201d dedi.<br \/>\n<br \/>T\u00fcrk m\u00fchendislerince tasarlanan, ilk seri \u00fcretim yerli ve milli motorlu \u2018taktik tekerlekli z\u0131rhl\u0131 ara\u00e7lar\u2019 i\u00e7in teslim t\u00f6reni ger\u00e7ekle\u015ftirildi. \u0130zmir P\u0131narba\u015f\u0131\u2019ndaki tesiste d\u00fczenlenen t\u00f6renle, BMC taraf\u0131ndan partiler halinde \u00fcretilen 100 adet arac\u0131n teslimat\u0131 T\u00fcrk Kara Kuvvetleri ve Jandarma Genel Komutanl\u0131\u011f\u0131na yap\u0131ld\u0131.<br \/>\n<br \/>T\u00f6rende konu\u015fan Savunma Sanayii Ba\u015fkan\u0131 Prof. Dr. Haluk G\u00f6rg\u00fcn, \u201cGenel anlamda y\u00fczde 80\u2019lik bir yerlilik oran\u0131 yakalad\u0131\u011f\u0131m\u0131z savunma sanayi sistemindeki kara ara\u00e7lar\u0131ndan z\u0131rhl\u0131 kara ara\u00e7lar\u0131nda y\u00fczde 95\u2019lik yerlilik oran\u0131n\u0131 yakalad\u0131\u011f\u0131m\u0131z yerli motorlar teslim edece\u011fimiz bu anlaml\u0131 g\u00fcnde, in\u015fallah \u00fczerine kararl\u0131l\u0131kla durdu\u011fumuz t\u00fcm platformlar\u0131m\u0131z i\u00e7in yayla motorlar\u0131m\u0131z\u0131 geli\u015ftirmeye ve birlikte teslim etmeye devam edece\u011fiz. Allah\u2019a \u00e7ok \u015f\u00fck\u00fcr yapt\u0131\u011f\u0131m\u0131z teslimatlarla birlikte 7.1 milyar dolarl\u0131k ihracat rakam\u0131na ula\u015ft\u0131k. 6.5 milyar dolar hedefimiz vard\u0131. Bunu y\u00fczde 29 \u00fczerinde ger\u00e7ekle\u015ftirerek, 7.1 milyar dolara ula\u015ft\u0131k. Sadece son 2 y\u0131lda T\u00fcrk savunma sanayi \u015firketlerinin imzalad\u0131\u011f\u0131 ihracat s\u00f6zle\u015fmelerinin miktar\u0131 20 milyar dolar. Birbirinden yetenekli firmalar\u0131m\u0131z var. BMC, kullan\u0131c\u0131lar\u0131m\u0131z\u0131n ihtiya\u00e7lar\u0131n\u0131 en iyi \u015fekilde, en h\u0131zl\u0131 kar\u015f\u0131lama noktas\u0131nda \u00e7ok fazla ara\u00e7 verildi. 3 bin 600\u2019\u00fcn \u00fczerinde ara\u00e7 \u015fu anda g\u00fcvenlik g\u00fc\u00e7lerimizin kullan\u0131m\u0131na sunuldu. Hali haz\u0131rda s\u00f6zle\u015fme alt\u0131nda olan 5 bin \u00fczerinde arac\u0131m\u0131zla yine \u00fcretiliyor ve teslimata haz\u0131r hale gelecek. D\u00fcnyaya bakt\u0131\u011f\u0131m\u0131zda T\u00fcrkiye\u2019deki yerli milli firmalar\u0131n 40\u2019\u0131n \u00fczerindeki \u00fclkeye yakla\u015f\u0131k 5 bin ara\u00e7 teslim etti\u011fini de bu vesileyle s\u00f6ylemek isterim. Bug\u00fcnk\u00fc t\u00f6reni anlaml\u0131 k\u0131lan, yerli ve milli motorlar ailesine bak\u0131ld\u0131\u011f\u0131nda, biz bu motorlar\u0131n sadece burada teslimat\u0131n\u0131 sa\u011flad\u0131\u011f\u0131m\u0131z ara\u00e7lar de\u011fil kullanabilecek her t\u00fcrl\u00fc platformda kullan\u0131lmas\u0131 i\u00e7in Savunma Sanayi Ba\u015fkanl\u0131\u011f\u0131 olarak da resmi senede desteklerimizin oldu\u011funu, arkas\u0131nda durdu\u011fumuz ve bunu sa\u011flayaca\u011f\u0131m\u0131z\u0131 bu \u015fekilde ifade etmek isterim. Yerli motor \u00fcretilmesi, platformlarda, sistemlerde kullan\u0131lmas\u0131 konusunda kararl\u0131l\u0131\u011f\u0131m\u0131z devam ediyor&#8221; ifadelerini kulland\u0131.<\/p>\n<p>\u201cYerlilik oran\u0131 y\u00fczde 95\u2019e y\u00fckseldi\u201d<br \/>\n<br \/>SSB Karaara\u00e7lar\u0131 Daire Ba\u015fkan\u0131 Ahmet Raci Yal\u00e7\u0131n, &#8220;Biz bu proje alt\u0131nda bir ara\u00e7 testini yapmad\u0131k, bir ara\u00e7 ailesi geli\u015ftirdik. Bunu sahaya teslim ettik diyebiliriz. Operasyonlar\u0131n yo\u011fun olarak devam etti\u011fi s\u00fcre\u00e7lerde ve biz bir an evvel sahaya ara\u00e7lar\u0131m\u0131z\u0131 teslim etmek zorunday\u0131z. 2018 y\u0131l\u0131 itibariyle sahaya ara\u00e7lar\u0131m\u0131z\u0131 teslim etmeye ba\u015flad\u0131k. Y\u00fczde 60 olarak ba\u015flad\u0131\u011f\u0131m\u0131z yerlilik oran\u0131 y\u00fczde 95\u2019e y\u00fckseldi&#8221; dedi.<\/p>\n<p>\u201cYerli ve milli tank projesi i\u00e7in geri say\u0131m ba\u015flad\u0131\u201d<br \/>\n<br \/>BMC Y\u00f6netim Kurulu Ba\u015fkan\u0131 Fuat Tosyal\u0131 ise \u015funlar\u0131 kaydetti:<br \/>\n<br \/>&#8220;T\u00fcrkiye\u2019nin gelece\u011fine y\u00f6n verecek projelerin g\u00fc\u00e7 ve aktarma teknolojilerinin y\u00fczde 100 T\u00fcrk m\u00fchendisli\u011fiyle \u00fcreten BMC, Ankara\u2019daki \u00fcretim \u00fcss\u00fcyle ayn\u0131 zamanda T\u00fcrkiye\u2019nin k\u00fcresel savunma sanayindeki rekabet g\u00fcc\u00fcn\u00fc de artt\u0131racak. 2025 y\u0131l\u0131 ortas\u0131nda aktif hale getirmeyi hedefledi\u011fimiz z\u0131rhl\u0131 ara\u00e7 \u00fcretim fabrikam\u0131zda ise ayl\u0131k 8 adet Altay tank\u0131 ve ayl\u0131k 10 adet, 8 \u00e7arp\u0131 8 seri \u00fcretim kapasitesi bulunuyor. Ayn\u0131 alanda tam ve di\u011fer b\u00f6lme ara\u00e7lar\u0131 farkl\u0131 arazi \u015fartlar\u0131nda testlerin yap\u0131laca\u011f\u0131 bir test laz\u0131m d\u0131 tasarlad\u0131k ve tamamlad\u0131k. Ara\u00e7 test alan\u0131m\u0131z d\u00fcnyadaki \u00f6rnekleriyle k\u0131yasland\u0131\u011f\u0131nda en geli\u015fmi\u015f seviyede ve z\u0131rhl\u0131 ara\u00e7 i\u00e7erisinde ihtiya\u00e7 duyulan her t\u00fcrl\u00fc modern test imkanlar\u0131na sahiptir. Tam kapasiteye ula\u015ft\u0131\u011f\u0131m\u0131zda bin 500\u2019\u00fcn \u00fczerinde m\u00fchendis ve i\u015f\u00e7imizden olu\u015fan bir AR-GE ve \u00fcretim ekibi olacak. \u00d6zellikle 2025 hayalimiz olan yerli ve milli tank projesinde seri \u00fcretim i\u00e7in geri say\u0131ma ba\u015flad\u0131\u011f\u0131m\u0131z\u0131n da m\u00fcjdesini vermek istiyorum. T\u00fcrk Silahl\u0131 Kuvvetlerimizin talepleri do\u011frultusunda yeni ihtiya\u00e7lara uygun olarak tamamen ba\u015ftan tasarlad\u0131\u011f\u0131m\u0131z yeni Altay\u2019\u0131, seri \u00fcretime haz\u0131r hale getirdik. \u0130\u015fte t\u00fcm bu sizlerle payla\u015ft\u0131\u011f\u0131m ileri teknoloji ve AR-GE\u2019ye dayal\u0131 yat\u0131r\u0131mlar\u0131n bir sonucu olarak bug\u00fcn ilk seri \u00fcretim yeri ve milli motorlu taktik tekerlekli z\u0131rhl\u0131 ara\u00e7lar\u0131n, T\u00fcrk Silahl\u0131 Kuvvetlerimize teslimini ger\u00e7ekle\u015ftiriyoruz. Yerli ve milli tam ba\u011f\u0131ms\u0131z savunma sanayi elemleri do\u011frultusunda, BMC taraf\u0131ndan \u00fcretilen 100 adet yerli motorlu taksit tekerlekli z\u0131rhl\u0131 arac\u0131n teslimat\u0131 bizim i\u00e7in b\u00fcy\u00fck bir gurur ve onur. \u00c7\u00fcnk\u00fc bu tarihi teslimat \u00fclkemizin savunma sanayisinde yerlile\u015fme oran\u0131n\u0131n artt\u0131r\u0131lmas\u0131 ve d\u0131\u015fa ba\u011f\u0131ml\u0131l\u0131\u011f\u0131n azalt\u0131lmas\u0131 hedeflerine y\u00f6nelik \u00e7ok \u00f6nemli bir ad\u0131m. Bug\u00fcn itibariyle BMC taraf\u0131ndan \u00fcretilen \u2019kirpi ve vuran\u2019 ara\u00e7lar\u0131nda motorla beraber yerlilik oran\u0131, y\u00fczde 95 seviyesine \u00e7\u0131km\u0131\u015f bulunmakta. T\u00fcrk Silahl\u0131 Kuvvetlerimizin taktik ihtiya\u00e7lar\u0131na tam yan\u0131t verecek \u015fekilde g\u00f6reve haz\u0131r hale getirilen bu ara\u00e7lar\u0131n \u00fclkemize ve milletimize hay\u0131rl\u0131 olmas\u0131n\u0131 diliyorum.&#8221;<\/p>\n<p>\u201cAc\u0131lar\u0131m\u0131z\u0131 en aza indirece\u011fimize inan\u0131yorum\u201d<br \/>\n<br \/>Ba\u015far\u0131n\u0131n sadece say\u0131lardan ibaret olmad\u0131\u011f\u0131n\u0131 dile getiren Jandarma Genel Komutan\u0131 Org. Ali \u00c7ardak\u00e7\u0131, \u201c100\u2019\u00fcnc\u00fc motorumuz her bir \u00e7al\u0131\u015fan\u0131n eme\u011fi, azmini, al\u0131n terini ve bu \u00fclkeye duydu\u011fu hizmet a\u015fk\u0131n\u0131 simgelemektedir. Bu \u00fcretim sadece bir hedefin tamamlanmas\u0131 de\u011fil, ayn\u0131 zamanda yeni umutlar\u0131n kap\u0131s\u0131n\u0131 aralayan bir d\u00f6n\u00fcm noktas\u0131d\u0131r. Teslim ald\u0131\u011f\u0131m\u0131z ara\u00e7lar\u0131m\u0131z bu g\u00f6revleri daha etkin ve g\u00fcvenli bir \u015fekilde yerine getirmemiz i\u00e7in b\u00fcy\u00fck bir g\u00fc\u00e7 ve motivasyon kayna\u011f\u0131 olacakt\u0131r. Savunma sanayimiz, yerli ve milli \u00fcretimi \u00f6nceleyen politikalarla b\u00fcy\u00fck bir ilerleme ya\u015fam\u0131\u015f, \u00fclkemizin ba\u011f\u0131ms\u0131zl\u0131k m\u00fccadelesine teknolojik bir \u00fcst\u00fcnl\u00fck kazand\u0131rm\u0131\u015ft\u0131r. Vuran ara\u00e7lar\u0131m\u0131z, \u00fcst\u00fcn z\u0131rh koruma \u00f6zelli\u011fi ve operasyonel kabiliyetiyle personelimizi hem g\u00f6rev esnas\u0131nda hem de muhtemel sald\u0131r\u0131lara kar\u015f\u0131 koruyarak g\u00fcvenli bir \u015fekilde hizmet sunmalar\u0131na imkan sa\u011flamaktad\u0131r. Bu ara\u00e7lar\u0131n, kahraman personelimizin g\u00fcvenli\u011fini art\u0131rarak ac\u0131lar\u0131m\u0131z\u0131 en aza indirece\u011fine inan\u0131yoruz\u201d diye konu\u015ftu.<\/p>\n<p>\u201cNATO\u2019nun en se\u00e7kin Kara Kuvvetleri Komutanl\u0131\u011f\u0131y\u0131z\u201d<br \/>\n<br \/>Teslim t\u00f6reninde olmaktan mutluluk duydu\u011funu dile getiren Kara Kuvvetleri Komutan\u0131 Org. Sel\u00e7uk Bayraktaro\u011flu, \u201cT\u00fcrkiye\u2019nin k\u00fcresel bir akt\u00f6r, g\u00fcvenlik mimarisinin vazge\u00e7ilmez bir unsuru ve uluslararas\u0131 ortamda art\u0131k bir oyun kurucu oldu\u011fu bu hassas ve kritik d\u00f6nemde, yerli ve milli savunma sanayi \u00fcr\u00fcnleriyle donat\u0131lm\u0131\u015f, g\u00fc\u00e7l\u00fc ve yayg\u0131n bir orduya sahip olmak bir zorunluluktur. Kara harekat\u0131n\u0131n \u00f6nemli manevra unsurlar\u0131ndan biri olan taktik tekerlekli z\u0131rhl\u0131 ara\u00e7lar; s\u00fcrat, z\u0131rh korumas\u0131, ke\u015fif g\u00f6zetleme ve ate\u015f kabiliyetiyle, muharebe sahas\u0131n\u0131n ana unsurlar\u0131ndan biri olmaya devam etmektedir. Bu ihtiya\u00e7 do\u011frultusunda 2011 y\u0131l\u0131ndan itibaren Kirpi-1 arac\u0131yla Kara Kuvvetleri Komutanl\u0131\u011f\u0131 envanterine al\u0131nm\u0131\u015f, m\u00fcteakip d\u00f6nemde elde edilen tecr\u00fcbelerden istinaden ara\u00e7lara ilave yetenek ve sistemler eklenerek yeni modeller geli\u015ftirilmi\u015ftir. \u015eu anda halen envanterimizde bin, bin 500 civar\u0131nda z\u0131rhl\u0131 ara\u00e7 oldu\u011funu kabul edersek, bug\u00fcn Kirpi\u2019sinden Vuran\u2019\u0131na, nesil devriye ara\u00e7lar\u0131ndan yeni nesil taktik z\u0131rhl\u0131 ara\u00e7lara kadar \u00f6zellikle Irak\u2019\u0131n kuzeyinde ve Suriye hareket alan\u0131nda icra edilen, operasyonun y\u00fck\u00fcn\u00fc ta\u015f\u0131yan, bunlara olumlu katk\u0131 sa\u011flayan, onlar\u0131n sa\u011fl\u0131\u011f\u0131n\u0131 en iyi \u015fekilde muhafaza etmesini sa\u011flayan bir sistem oldu\u011fu hepimiz taraf\u0131ndan g\u00f6r\u00fclmektedir. Gayretlerimizin somut sonucu olan, bug\u00fcn yerli motoruyla donat\u0131lm\u0131\u015f 100\u2019\u00fcnc\u00fc taktik tekerlekli z\u0131rhl\u0131 arac\u0131 da envanterimize kazand\u0131r\u0131yoruz. S\u0131ra, T\u00fcrk m\u00fchendislerinin ve T\u00fcrk Savunma Sanayii \u00fcr\u00fcn\u00fc olan Kara Kuvvetlerinin ana muhabere tank\u0131 Altay\u2019dad\u0131r. 2 bin 234 y\u0131ll\u0131k tarihiyle d\u00fcnyan\u0131n en se\u00e7kin, NATO\u2019nun en se\u00e7kin Kara Kuvvetleri Komutanl\u0131\u011f\u0131y\u0131z\u201d \u015feklinde konu\u015ftu.<br \/>\n<br \/>T\u00f6rene; Savunma Sanayi Ba\u015fkan\u0131 Prof. Dr. Haluk G\u00f6rg\u00fcn, SSB Karaara\u00e7lar\u0131 Daire Ba\u015fkan\u0131 Ahmet Raci Yal\u00e7\u0131n, BMC Y\u00f6netim Kurulu Ba\u015fkan\u0131 Fuat Tosyal\u0131, Jandarma Genel Komutan\u0131 Orgeneral Ali Ali \u00c7ardak\u00e7\u0131, Kara Kuvvetleri Komutan\u0131 Orgeneral Sel\u00e7uk Bayraktaro\u011flu, Ege Ordusu ve Garnizon Komutan\u0131 Orgeneral \u0130rfan \u00d6zsert, AK Parti milletvekilleri Mehmet Ali \u00c7elebi, Ceyda B\u00f6l\u00fcnmez Cank\u0131r\u0131, Ya\u015far K\u0131rkp\u0131nar, MHP \u0130zmir Milletvekili Tamer Osmano\u011flu kat\u0131ld\u0131. Program, teslim belgesi ve maket takdimiyle son buldu.<br \/>\n<br \/><img fetchpriority=\"high\" decoding=\"async\" width=\"1280\" height=\"853\" src=\"https:\/\/www.egemtv.com\/wp-content\/uploads\/2025\/01\/yerli-ve-milli-100-adet-zirhli-arac-guvenlik-guclerine-teslim-edildi_f576e6ffa3f4.jpg\" class=\"attachment-full size-full not-transparent\" alt=\"\" data-has-transparency=\"false\" data-dominant-color=\"696376\" style=\"--dominant-color: #696376\" \/><img decoding=\"async\" width=\"1280\" height=\"853\" src=\"https:\/\/www.egemtv.com\/wp-content\/uploads\/2025\/01\/yerli-ve-milli-100-adet-zirhli-arac-guvenlik-guclerine-teslim-edildi_198b59fd13f6.jpg\" class=\"attachment-full size-full not-transparent\" alt=\"\" data-has-transparency=\"false\" data-dominant-color=\"787c77\" style=\"--dominant-color: #787c77\" \/><img decoding=\"async\" width=\"1280\" height=\"853\" src=\"https:\/\/www.egemtv.com\/wp-content\/uploads\/2025\/01\/yerli-ve-milli-100-adet-zirhli-arac-guvenlik-guclerine-teslim-edildi_324df6868b3b.jpg\" class=\"attachment-full size-full not-transparent\" alt=\"\" data-has-transparency=\"false\" data-dominant-color=\"676b70\" style=\"--dominant-color: #676b70\" \/><img loading=\"lazy\" decoding=\"async\" width=\"1280\" height=\"853\" src=\"https:\/\/www.egemtv.com\/wp-content\/uploads\/2025\/01\/yerli-ve-milli-100-adet-zirhli-arac-guvenlik-guclerine-teslim-edildi_ca64874a4a8c.jpg\" class=\"attachment-full size-full not-transparent\" alt=\"\" data-has-transparency=\"false\" data-dominant-color=\"585363\" style=\"--dominant-color: #585363\" \/><img loading=\"lazy\" decoding=\"async\" width=\"1280\" height=\"853\" src=\"https:\/\/www.egemtv.com\/wp-content\/uploads\/2025\/01\/yerli-ve-milli-100-adet-zirhli-arac-guvenlik-guclerine-teslim-edildi_bd24f601b964.jpg\" class=\"attachment-full size-full not-transparent\" alt=\"\" data-has-transparency=\"false\" data-dominant-color=\"464353\" style=\"--dominant-color: #464353\" \/><img loading=\"lazy\" decoding=\"async\" width=\"1280\" height=\"853\" src=\"https:\/\/www.egemtv.com\/wp-content\/uploads\/2025\/01\/yerli-ve-milli-100-adet-zirhli-arac-guvenlik-guclerine-teslim-edildi_4ef341511590.jpg\" class=\"attachment-full size-full not-transparent\" alt=\"\" data-has-transparency=\"false\" data-dominant-color=\"49506a\" style=\"--dominant-color: #49506a\" \/><img loading=\"lazy\" decoding=\"async\" width=\"1280\" height=\"853\" src=\"https:\/\/www.egemtv.com\/wp-content\/uploads\/2025\/01\/yerli-ve-milli-100-adet-zirhli-arac-guvenlik-guclerine-teslim-edildi_4af3eb8af73d.jpg\" class=\"attachment-full size-full not-transparent\" alt=\"\" data-has-transparency=\"false\" data-dominant-color=\"787675\" style=\"--dominant-color: #787675\" \/><\/p>\n","protected":false},"excerpt":{"rendered":"<p>T\u00fcrk m\u00fchendisleri taraf\u0131ndan \u00fcretilen 100 adet taktik tekerlekli z\u0131rhl\u0131 ara\u00e7, T\u00fcrk Kara Kuvvetleri ve Jandarma Genel Komutanl\u0131\u011f\u0131na teslim edildi. Savunma Sanayii Ba\u015fkan\u0131 (SSB) Prof. Dr. Haluk G\u00f6rg\u00fcn, \u201c3 bin 600\u2019\u00fcn \u00fczerinde ara\u00e7 \u015fu anda g\u00fcvenlik g\u00fc\u00e7lerimizin kullan\u0131m\u0131na sunuldu. Hali haz\u0131rda s\u00f6zle\u015fme alt\u0131nda olan 5 bin \u00fczerinde arac\u0131m\u0131zla yine \u00fcretiliyor ve teslimata haz\u0131r hale gelecek\u201d dedi&#8230;.<\/p>\n","protected":false},"author":1,"featured_media":6535,"comment_status":"open","ping_status":"open","sticky":false,"template":"","format":"standard","meta":{"_crdt_document":"","footnotes":""},"categories":[1],"tags":[],"class_list":["post-6534","post","type-post","status-publish","format-standard","has-post-thumbnail","hentry","category-guncel"],"_links":{"self":[{"href":"https:\/\/www.egemtv.com\/index.php?rest_route=\/wp\/v2\/posts\/6534","targetHints":{"allow":["GET"]}}],"collection":[{"href":"https:\/\/www.egemtv.com\/index.php?rest_route=\/wp\/v2\/posts"}],"about":[{"href":"https:\/\/www.egemtv.com\/index.php?rest_route=\/wp\/v2\/types\/post"}],"author":[{"embeddable":true,"href":"https:\/\/www.egemtv.com\/index.php?rest_route=\/wp\/v2\/users\/1"}],"replies":[{"embeddable":true,"href":"https:\/\/www.egemtv.com\/index.php?rest_route=%2Fwp%2Fv2%2Fcomments&post=6534"}],"version-history":[{"count":1,"href":"https:\/\/www.egemtv.com\/index.php?rest_route=\/wp\/v2\/posts\/6534\/revisions"}],"predecessor-version":[{"id":6543,"href":"https:\/\/www.egemtv.com\/index.php?rest_route=\/wp\/v2\/posts\/6534\/revisions\/6543"}],"wp:featuredmedia":[{"embeddable":true,"href":"https:\/\/www.egemtv.com\/index.php?rest_route=\/wp\/v2\/media\/6535"}],"wp:attachment":[{"href":"https:\/\/www.egemtv.com\/index.php?rest_route=%2Fwp%2Fv2%2Fmedia&parent=6534"}],"wp:term":[{"taxonomy":"category","embeddable":true,"href":"https:\/\/www.egemtv.com\/index.php?rest_route=%2Fwp%2Fv2%2Fcategories&post=6534"},{"taxonomy":"post_tag","embeddable":true,"href":"https:\/\/www.egemtv.com\/index.php?rest_route=%2Fwp%2Fv2%2Ftags&post=6534"}],"curies":[{"name":"wp","href":"https:\/\/api.w.org\/{rel}","templated":true}]}}