{"id":6527,"date":"2025-01-10T16:53:56","date_gmt":"2025-01-10T13:53:56","guid":{"rendered":"https:\/\/www.egemtv.com\/?p=6527"},"modified":"2025-01-10T17:51:48","modified_gmt":"2025-01-10T14:51:48","slug":"manisa-gazeteciler-cemiyetinden-lokma-hayri","status":"publish","type":"post","link":"https:\/\/www.egemtv.com\/?p=6527","title":{"rendered":"Manisa Gazeteciler Cemiyetinden lokma hayr\u0131"},"content":{"rendered":"<p>Manisa Gazeteciler Cemiyeti taraf\u0131ndan 10 Ocak \u00c7al\u0131\u015fan Gazeteciler G\u00fcn\u00fc dolay\u0131s\u0131yla ebediyete intikal etmi\u015f gazeteciler i\u00e7in lokma hayr\u0131 d\u00fczenlendi.<br \/>\n<br \/>Manisa Gazeteciler Cemiyeti, cemiyet binas\u0131 \u00f6n\u00fcnde 10 Ocak \u00c7al\u0131\u015fan Gazeteciler G\u00fcn\u00fc dolay\u0131s\u0131yla ebediyete intikal etmi\u015f gazeteciler i\u00e7in lokma hayr\u0131 d\u00fczenlendi. Lokma hayr\u0131na Manisa Gazeteciler Cemiyeti Ba\u015fkan\u0131 \u00d6nder Ayd\u0131n, y\u00f6netim kurulu \u00fcyeleri ve gazeteciler kat\u0131ld\u0131. Vatanda\u015flar da lokmalar\u0131n\u0131 al\u0131rken hayat\u0131n\u0131 kaybeden gazeteciler i\u00e7in dualar etti.<\/p>\n<p>Cemiyet misafirlerini a\u011f\u0131rlad\u0131<br \/>\n<br \/>\u00c7al\u0131\u015fan Gazeteciler G\u00fcn\u00fc dolay\u0131s\u0131yla Manisa Gazeteciler Cemiyeti de misafirlerini a\u011f\u0131rlad\u0131. Manisa Valisi Vahdettin \u00d6zkan, Manisa Celal Bayar \u00dcniversitesi Rekt\u00f6r\u00fc Prof. Dr. Rana Kibar, Saruhanl\u0131 Belediye Ba\u015fkan\u0131 Ekrem C\u0131ll\u0131, Saadet Partisi Manisa \u0130l Ba\u015fkan\u0131 Zekayi Y\u0131lmaz, Saadet Partisi \u0130l Kad\u0131n Kollar\u0131 Ba\u015fkan\u0131 Fatma \u00d6zdemir, CHP Yunusemre \u0130l\u00e7e Ba\u015fkan\u0131 Mehmet Arslan ve STK ba\u015fkanlar\u0131 Manisa Gazeteciler Cemiyetini ziyaret Ba\u015fkan \u00d6nder Ayd\u0131n nezdinde t\u00fcm gazetecilerin g\u00fcn\u00fcn\u00fc kutlad\u0131.<br \/>\n<br \/><img fetchpriority=\"high\" decoding=\"async\" width=\"1280\" height=\"853\" src=\"https:\/\/www.egemtv.com\/wp-content\/uploads\/2025\/01\/manisa-gazeteciler-cemiyetinden-lokma-hayri_d380f2223a50.jpg\" class=\"attachment-full size-full not-transparent\" alt=\"\" data-has-transparency=\"false\" data-dominant-color=\"a5a3a0\" style=\"--dominant-color: #a5a3a0\" \/><img decoding=\"async\" width=\"1280\" height=\"853\" src=\"https:\/\/www.egemtv.com\/wp-content\/uploads\/2025\/01\/manisa-gazeteciler-cemiyetinden-lokma-hayri_e2fa2009289e.jpg\" class=\"attachment-full size-full not-transparent\" alt=\"\" data-has-transparency=\"false\" data-dominant-color=\"8c7b68\" style=\"--dominant-color: #8c7b68\" \/><img decoding=\"async\" width=\"1280\" height=\"960\" src=\"https:\/\/www.egemtv.com\/wp-content\/uploads\/2025\/01\/manisa-gazeteciler-cemiyetinden-lokma-hayri_1c80265196e7.jpg\" class=\"attachment-full size-full not-transparent\" alt=\"\" data-has-transparency=\"false\" data-dominant-color=\"91786e\" style=\"--dominant-color: #91786e\" \/><img loading=\"lazy\" decoding=\"async\" width=\"1280\" height=\"960\" src=\"https:\/\/www.egemtv.com\/wp-content\/uploads\/2025\/01\/manisa-gazeteciler-cemiyetinden-lokma-hayri_1fdd2c76f3eb.jpg\" class=\"attachment-full size-full not-transparent\" alt=\"\" data-has-transparency=\"false\" data-dominant-color=\"7d7f7e\" style=\"--dominant-color: #7d7f7e\" \/><img loading=\"lazy\" decoding=\"async\" width=\"1280\" height=\"960\" src=\"https:\/\/www.egemtv.com\/wp-content\/uploads\/2025\/01\/manisa-gazeteciler-cemiyetinden-lokma-hayri_839a0e0f4043.jpg\" class=\"attachment-full size-full not-transparent\" alt=\"\" data-has-transparency=\"false\" data-dominant-color=\"5c5655\" style=\"--dominant-color: #5c5655\" \/><img loading=\"lazy\" decoding=\"async\" width=\"1280\" height=\"960\" src=\"https:\/\/www.egemtv.com\/wp-content\/uploads\/2025\/01\/manisa-gazeteciler-cemiyetinden-lokma-hayri_2a992cfb70b7.jpg\" class=\"attachment-full size-full not-transparent\" alt=\"\" data-has-transparency=\"false\" data-dominant-color=\"7b7a7d\" style=\"--dominant-color: #7b7a7d\" \/><\/p>\n","protected":false},"excerpt":{"rendered":"<p>Manisa Gazeteciler Cemiyeti taraf\u0131ndan 10 Ocak \u00c7al\u0131\u015fan Gazeteciler G\u00fcn\u00fc dolay\u0131s\u0131yla ebediyete intikal etmi\u015f gazeteciler i\u00e7in lokma hayr\u0131 d\u00fczenlendi. Manisa Gazeteciler Cemiyeti, cemiyet binas\u0131 \u00f6n\u00fcnde 10 Ocak \u00c7al\u0131\u015fan Gazeteciler G\u00fcn\u00fc dolay\u0131s\u0131yla ebediyete intikal etmi\u015f gazeteciler i\u00e7in lokma hayr\u0131 d\u00fczenlendi. Lokma hayr\u0131na Manisa Gazeteciler Cemiyeti Ba\u015fkan\u0131 \u00d6nder Ayd\u0131n, y\u00f6netim kurulu \u00fcyeleri ve gazeteciler kat\u0131ld\u0131. Vatanda\u015flar da lokmalar\u0131n\u0131&#8230;<\/p>\n","protected":false},"author":1,"featured_media":6528,"comment_status":"open","ping_status":"open","sticky":false,"template":"","format":"standard","meta":{"_crdt_document":"","footnotes":""},"categories":[123],"tags":[],"class_list":["post-6527","post","type-post","status-publish","format-standard","has-post-thumbnail","hentry","category-gundem"],"_links":{"self":[{"href":"https:\/\/www.egemtv.com\/index.php?rest_route=\/wp\/v2\/posts\/6527","targetHints":{"allow":["GET"]}}],"collection":[{"href":"https:\/\/www.egemtv.com\/index.php?rest_route=\/wp\/v2\/posts"}],"about":[{"href":"https:\/\/www.egemtv.com\/index.php?rest_route=\/wp\/v2\/types\/post"}],"author":[{"embeddable":true,"href":"https:\/\/www.egemtv.com\/index.php?rest_route=\/wp\/v2\/users\/1"}],"replies":[{"embeddable":true,"href":"https:\/\/www.egemtv.com\/index.php?rest_route=%2Fwp%2Fv2%2Fcomments&post=6527"}],"version-history":[{"count":2,"href":"https:\/\/www.egemtv.com\/index.php?rest_route=\/wp\/v2\/posts\/6527\/revisions"}],"predecessor-version":[{"id":6583,"href":"https:\/\/www.egemtv.com\/index.php?rest_route=\/wp\/v2\/posts\/6527\/revisions\/6583"}],"wp:featuredmedia":[{"embeddable":true,"href":"https:\/\/www.egemtv.com\/index.php?rest_route=\/wp\/v2\/media\/6528"}],"wp:attachment":[{"href":"https:\/\/www.egemtv.com\/index.php?rest_route=%2Fwp%2Fv2%2Fmedia&parent=6527"}],"wp:term":[{"taxonomy":"category","embeddable":true,"href":"https:\/\/www.egemtv.com\/index.php?rest_route=%2Fwp%2Fv2%2Fcategories&post=6527"},{"taxonomy":"post_tag","embeddable":true,"href":"https:\/\/www.egemtv.com\/index.php?rest_route=%2Fwp%2Fv2%2Ftags&post=6527"}],"curies":[{"name":"wp","href":"https:\/\/api.w.org\/{rel}","templated":true}]}}