{"id":65268,"date":"2025-11-01T21:54:52","date_gmt":"2025-11-01T18:54:52","guid":{"rendered":"https:\/\/www.egemtv.com\/?p=65268"},"modified":"2025-11-01T21:54:53","modified_gmt":"2025-11-01T18:54:53","slug":"doga-yuruyusune-cikti-ormalik-alanda-mahsur-kaldi","status":"publish","type":"post","link":"https:\/\/www.egemtv.com\/?p=65268","title":{"rendered":"Do\u011fa y\u00fcr\u00fcy\u00fc\u015f\u00fcne \u00e7\u0131kt\u0131, ormal\u0131k alanda mahsur kald\u0131"},"content":{"rendered":"<p>Mu\u011fla\u2019n\u0131n Dat\u00e7a il\u00e7esinde do\u011fa y\u00fcr\u00fcy\u00fc\u015f\u00fcne \u00e7\u0131kan ve ormanl\u0131k alanda mahusr kalan bir ki\u015finin bulunmas\u0131 i\u00e7in arama kurtarma \u00e7al\u0131\u015fmalar\u0131 s\u00fcr\u00fcyor.<br \/>\n<br \/>Olay, Dat\u00e7a il\u00e7esi K\u0131z\u0131lb\u00fck mevkiinde saat 18.45 s\u0131ralar\u0131nda meydana geldi. Edinilen bilgiye g\u00f6re do\u011fa y\u00fcr\u00fcy\u00fc\u015f\u00fcne \u00e7\u0131kan bir ki\u015fi, sarp arazinin bulundu\u011fu ormanl\u0131k alanda mahsur kald\u0131. 112 Acil \u00c7a\u011fr\u0131 Merkezi\u2019ne gelen ihbar\u0131n ard\u0131ndan b\u00f6lgeye jandarma ve AFAD koordinesinde Dat\u00e7a MAG AME ekipleri sevk edildi. K\u0131sa s\u00fcrede b\u00f6lgeye gelen ekipler, mahsur kalan \u015fahs\u0131n kurtar\u0131lmas\u0131 i\u00e7in \u00e7al\u0131\u015fmalara ba\u015flad\u0131. Ormanl\u0131k alanda mahsur kalan vatanda\u015f\u0131n, bulunmas\u0131 i\u00e7in b\u00f6lgede arama kurtarma \u00e7al\u0131\u015fmalar\u0131 s\u00fcr\u00fcyor.<br \/><\/p>\n","protected":false},"excerpt":{"rendered":"<p>Mu\u011fla\u2019n\u0131n Dat\u00e7a il\u00e7esinde do\u011fa y\u00fcr\u00fcy\u00fc\u015f\u00fcne \u00e7\u0131kan ve ormanl\u0131k alanda mahusr kalan bir ki\u015finin bulunmas\u0131 i\u00e7in arama kurtarma \u00e7al\u0131\u015fmalar\u0131 s\u00fcr\u00fcyor. Olay, Dat\u00e7a il\u00e7esi K\u0131z\u0131lb\u00fck mevkiinde saat 18.45 s\u0131ralar\u0131nda meydana geldi. Edinilen bilgiye g\u00f6re do\u011fa y\u00fcr\u00fcy\u00fc\u015f\u00fcne \u00e7\u0131kan bir ki\u015fi, sarp arazinin bulundu\u011fu ormanl\u0131k alanda mahsur kald\u0131. 112 Acil \u00c7a\u011fr\u0131 Merkezi\u2019ne gelen ihbar\u0131n ard\u0131ndan b\u00f6lgeye jandarma ve AFAD&#8230;<\/p>\n","protected":false},"author":1,"featured_media":65269,"comment_status":"open","ping_status":"open","sticky":false,"template":"","format":"standard","meta":{"_crdt_document":"","footnotes":""},"categories":[5],"tags":[],"class_list":["post-65268","post","type-post","status-publish","format-standard","has-post-thumbnail","hentry","category-asayis"],"_links":{"self":[{"href":"https:\/\/www.egemtv.com\/index.php?rest_route=\/wp\/v2\/posts\/65268","targetHints":{"allow":["GET"]}}],"collection":[{"href":"https:\/\/www.egemtv.com\/index.php?rest_route=\/wp\/v2\/posts"}],"about":[{"href":"https:\/\/www.egemtv.com\/index.php?rest_route=\/wp\/v2\/types\/post"}],"author":[{"embeddable":true,"href":"https:\/\/www.egemtv.com\/index.php?rest_route=\/wp\/v2\/users\/1"}],"replies":[{"embeddable":true,"href":"https:\/\/www.egemtv.com\/index.php?rest_route=%2Fwp%2Fv2%2Fcomments&post=65268"}],"version-history":[{"count":1,"href":"https:\/\/www.egemtv.com\/index.php?rest_route=\/wp\/v2\/posts\/65268\/revisions"}],"predecessor-version":[{"id":65270,"href":"https:\/\/www.egemtv.com\/index.php?rest_route=\/wp\/v2\/posts\/65268\/revisions\/65270"}],"wp:featuredmedia":[{"embeddable":true,"href":"https:\/\/www.egemtv.com\/index.php?rest_route=\/wp\/v2\/media\/65269"}],"wp:attachment":[{"href":"https:\/\/www.egemtv.com\/index.php?rest_route=%2Fwp%2Fv2%2Fmedia&parent=65268"}],"wp:term":[{"taxonomy":"category","embeddable":true,"href":"https:\/\/www.egemtv.com\/index.php?rest_route=%2Fwp%2Fv2%2Fcategories&post=65268"},{"taxonomy":"post_tag","embeddable":true,"href":"https:\/\/www.egemtv.com\/index.php?rest_route=%2Fwp%2Fv2%2Ftags&post=65268"}],"curies":[{"name":"wp","href":"https:\/\/api.w.org\/{rel}","templated":true}]}}