{"id":65265,"date":"2025-11-01T19:35:48","date_gmt":"2025-11-01T16:35:48","guid":{"rendered":"https:\/\/www.egemtv.com\/?p=65265"},"modified":"2025-11-01T19:35:49","modified_gmt":"2025-11-01T16:35:49","slug":"feto-suphelileri-denizde-yakalandi","status":"publish","type":"post","link":"https:\/\/www.egemtv.com\/?p=65265","title":{"rendered":"FET\u00d6 \u015f\u00fcphelileri denizde yakaland\u0131"},"content":{"rendered":"<p>Yunan adalar\u0131na yasad\u0131\u015f\u0131 yollarla ge\u00e7meye \u00e7al\u0131\u015fan ter\u00f6r \u00f6rg\u00fct\u00fc FET\u00d6\/PDY \u015f\u00fcphelileri, Bodrum a\u00e7\u0131klar\u0131nda yakaland\u0131.<br \/>\n<br \/>Edinilen bilgiye g\u00f6re, Bodrum Sahil G\u00fcvenlik Karakol Komutanl\u0131\u011f\u0131 ekipleri d\u00fcn saat 15.00 s\u0131ralar\u0131nda Yal\u0131kavak a\u00e7\u0131klar\u0131nda hareketli bir lastik bot tespit etti. Durumundan \u015f\u00fcphelenilen bot, T\u00fcrk karasular\u0131n\u0131 terk etmeye \u00e7al\u0131\u015ft\u0131\u011f\u0131 s\u0131rada yakaland\u0131. Bottaki 9 ki\u015fi, Sahil G\u00fcvenlik ekiplerince Bodrum\u2019a getirildi. \u015e\u00fcphelilerin denize Ayd\u0131n\u2019\u0131n Didim il\u00e7esinden denize a\u00e7\u0131ld\u0131klar\u0131 ve yasad\u0131\u015f\u0131 yollarla Yunan adalar\u0131na ge\u00e7meye \u00e7al\u0131\u015ft\u0131klar\u0131 anla\u015f\u0131ld\u0131.<br \/>\n<br \/>FET\u00d6\/PDY \u00fcyesi olduklar\u0131 gerek\u00e7esiyle ordudan ihra\u00e7 edilen ve yurtd\u0131\u015f\u0131 \u00e7\u0131k\u0131\u015f yasa\u011f\u0131yla yarg\u0131lanmalar\u0131 devam eden 2\u2019si albay 4\u2019\u00fc \u00fcste\u011fmen ve 2\u2019si astsubay olmak \u00fczere toplam 8 ki\u015fi ile yasad\u0131\u015f\u0131 ge\u00e7i\u015f giri\u015fimini organize eden 1 \u015f\u00fcpheli, jandarma ekiplerince g\u00f6zalt\u0131na al\u0131nd\u0131.<br \/>\n<br \/>Jandarmada i\u015flemleri tamamlanan 9 \u015f\u00fcpheli adliyeye sevk edildi.<br \/><\/p>\n","protected":false},"excerpt":{"rendered":"<p>Yunan adalar\u0131na yasad\u0131\u015f\u0131 yollarla ge\u00e7meye \u00e7al\u0131\u015fan ter\u00f6r \u00f6rg\u00fct\u00fc FET\u00d6\/PDY \u015f\u00fcphelileri, Bodrum a\u00e7\u0131klar\u0131nda yakaland\u0131. Edinilen bilgiye g\u00f6re, Bodrum Sahil G\u00fcvenlik Karakol Komutanl\u0131\u011f\u0131 ekipleri d\u00fcn saat 15.00 s\u0131ralar\u0131nda Yal\u0131kavak a\u00e7\u0131klar\u0131nda hareketli bir lastik bot tespit etti. Durumundan \u015f\u00fcphelenilen bot, T\u00fcrk karasular\u0131n\u0131 terk etmeye \u00e7al\u0131\u015ft\u0131\u011f\u0131 s\u0131rada yakaland\u0131. Bottaki 9 ki\u015fi, Sahil G\u00fcvenlik ekiplerince Bodrum\u2019a getirildi. \u015e\u00fcphelilerin denize Ayd\u0131n\u2019\u0131n&#8230;<\/p>\n","protected":false},"author":1,"featured_media":65266,"comment_status":"open","ping_status":"open","sticky":false,"template":"","format":"standard","meta":{"_crdt_document":"","footnotes":""},"categories":[5],"tags":[],"class_list":["post-65265","post","type-post","status-publish","format-standard","has-post-thumbnail","hentry","category-asayis"],"_links":{"self":[{"href":"https:\/\/www.egemtv.com\/index.php?rest_route=\/wp\/v2\/posts\/65265","targetHints":{"allow":["GET"]}}],"collection":[{"href":"https:\/\/www.egemtv.com\/index.php?rest_route=\/wp\/v2\/posts"}],"about":[{"href":"https:\/\/www.egemtv.com\/index.php?rest_route=\/wp\/v2\/types\/post"}],"author":[{"embeddable":true,"href":"https:\/\/www.egemtv.com\/index.php?rest_route=\/wp\/v2\/users\/1"}],"replies":[{"embeddable":true,"href":"https:\/\/www.egemtv.com\/index.php?rest_route=%2Fwp%2Fv2%2Fcomments&post=65265"}],"version-history":[{"count":1,"href":"https:\/\/www.egemtv.com\/index.php?rest_route=\/wp\/v2\/posts\/65265\/revisions"}],"predecessor-version":[{"id":65267,"href":"https:\/\/www.egemtv.com\/index.php?rest_route=\/wp\/v2\/posts\/65265\/revisions\/65267"}],"wp:featuredmedia":[{"embeddable":true,"href":"https:\/\/www.egemtv.com\/index.php?rest_route=\/wp\/v2\/media\/65266"}],"wp:attachment":[{"href":"https:\/\/www.egemtv.com\/index.php?rest_route=%2Fwp%2Fv2%2Fmedia&parent=65265"}],"wp:term":[{"taxonomy":"category","embeddable":true,"href":"https:\/\/www.egemtv.com\/index.php?rest_route=%2Fwp%2Fv2%2Fcategories&post=65265"},{"taxonomy":"post_tag","embeddable":true,"href":"https:\/\/www.egemtv.com\/index.php?rest_route=%2Fwp%2Fv2%2Ftags&post=65265"}],"curies":[{"name":"wp","href":"https:\/\/api.w.org\/{rel}","templated":true}]}}