{"id":65262,"date":"2025-11-01T19:35:46","date_gmt":"2025-11-01T16:35:46","guid":{"rendered":"https:\/\/www.egemtv.com\/?p=65262"},"modified":"2025-11-01T19:35:47","modified_gmt":"2025-11-01T16:35:47","slug":"otomobil-seyir-halindeyken-alev-aldi","status":"publish","type":"post","link":"https:\/\/www.egemtv.com\/?p=65262","title":{"rendered":"Otomobil seyir halindeyken alev ald\u0131"},"content":{"rendered":"<p>Ayd\u0131n\u2019\u0131n Efeler il\u00e7esinde seyir halindeyken alev alan otomobil, itfaiye ekiplerinin h\u0131zl\u0131 m\u00fcdahalesiyle s\u00f6nd\u00fcr\u00fcld\u00fc.<br \/>\n<br \/>Olay, Efeler il\u00e7esi Dedekuyusu Caddesi \u00fczerinde saat 18.00 s\u0131ralar\u0131nda meydana geldi. Edinilen bilgiye g\u00f6re seyir halindeki bir otomobilin motor b\u00f6l\u00fcm\u00fcnden hen\u00fcz bilinmeyen bir nedenle dumanlar y\u00fckselmeye ba\u015flad\u0131. Bir anda alevlerin y\u00fckseldi\u011fi arac\u0131 sa\u011fa \u00e7eken s\u00fcr\u00fcc\u00fc, durumu 112 Acil \u00c7a\u011fr\u0131 Merkezi\u2019ne bildirdi. \u0130hbar \u00fczerine b\u00f6lgeye itfaiye ve polis ekipleri sevk edildi. K\u0131sa s\u00fcrede b\u00f6lgeye gelen itfaiye ekipleri, araca m\u00fcdahale ederek yang\u0131n\u0131 s\u00f6nd\u00fcrd\u00fc. \u0130tfaiye ekipleri so\u011futma \u00e7al\u0131\u015fmas\u0131 ger\u00e7ekle\u015ftirirken, yang\u0131nda otomobil kullan\u0131lamaz hale geldi. Yang\u0131n\u0131n \u00e7\u0131k\u0131\u015f nedeninin belirlenmesi i\u00e7in inceleme ba\u015flat\u0131ld\u0131.<br \/><\/p>\n","protected":false},"excerpt":{"rendered":"<p>Ayd\u0131n\u2019\u0131n Efeler il\u00e7esinde seyir halindeyken alev alan otomobil, itfaiye ekiplerinin h\u0131zl\u0131 m\u00fcdahalesiyle s\u00f6nd\u00fcr\u00fcld\u00fc. Olay, Efeler il\u00e7esi Dedekuyusu Caddesi \u00fczerinde saat 18.00 s\u0131ralar\u0131nda meydana geldi. Edinilen bilgiye g\u00f6re seyir halindeki bir otomobilin motor b\u00f6l\u00fcm\u00fcnden hen\u00fcz bilinmeyen bir nedenle dumanlar y\u00fckselmeye ba\u015flad\u0131. Bir anda alevlerin y\u00fckseldi\u011fi arac\u0131 sa\u011fa \u00e7eken s\u00fcr\u00fcc\u00fc, durumu 112 Acil \u00c7a\u011fr\u0131 Merkezi\u2019ne bildirdi. \u0130hbar&#8230;<\/p>\n","protected":false},"author":1,"featured_media":65263,"comment_status":"open","ping_status":"open","sticky":false,"template":"","format":"standard","meta":{"_crdt_document":"","footnotes":""},"categories":[5],"tags":[],"class_list":["post-65262","post","type-post","status-publish","format-standard","has-post-thumbnail","hentry","category-asayis"],"_links":{"self":[{"href":"https:\/\/www.egemtv.com\/index.php?rest_route=\/wp\/v2\/posts\/65262","targetHints":{"allow":["GET"]}}],"collection":[{"href":"https:\/\/www.egemtv.com\/index.php?rest_route=\/wp\/v2\/posts"}],"about":[{"href":"https:\/\/www.egemtv.com\/index.php?rest_route=\/wp\/v2\/types\/post"}],"author":[{"embeddable":true,"href":"https:\/\/www.egemtv.com\/index.php?rest_route=\/wp\/v2\/users\/1"}],"replies":[{"embeddable":true,"href":"https:\/\/www.egemtv.com\/index.php?rest_route=%2Fwp%2Fv2%2Fcomments&post=65262"}],"version-history":[{"count":1,"href":"https:\/\/www.egemtv.com\/index.php?rest_route=\/wp\/v2\/posts\/65262\/revisions"}],"predecessor-version":[{"id":65264,"href":"https:\/\/www.egemtv.com\/index.php?rest_route=\/wp\/v2\/posts\/65262\/revisions\/65264"}],"wp:featuredmedia":[{"embeddable":true,"href":"https:\/\/www.egemtv.com\/index.php?rest_route=\/wp\/v2\/media\/65263"}],"wp:attachment":[{"href":"https:\/\/www.egemtv.com\/index.php?rest_route=%2Fwp%2Fv2%2Fmedia&parent=65262"}],"wp:term":[{"taxonomy":"category","embeddable":true,"href":"https:\/\/www.egemtv.com\/index.php?rest_route=%2Fwp%2Fv2%2Fcategories&post=65262"},{"taxonomy":"post_tag","embeddable":true,"href":"https:\/\/www.egemtv.com\/index.php?rest_route=%2Fwp%2Fv2%2Ftags&post=65262"}],"curies":[{"name":"wp","href":"https:\/\/api.w.org\/{rel}","templated":true}]}}