{"id":65253,"date":"2025-11-01T18:14:58","date_gmt":"2025-11-01T15:14:58","guid":{"rendered":"https:\/\/www.egemtv.com\/?p=65253"},"modified":"2025-11-01T18:14:59","modified_gmt":"2025-11-01T15:14:59","slug":"bakan-uraloglu-burdura-23-milyarin-uzerinde-hizmet-ettik","status":"publish","type":"post","link":"https:\/\/www.egemtv.com\/?p=65253","title":{"rendered":"Bakan Uralo\u011flu: &#8220;Burdur\u2019a 23 milyar\u0131n \u00fczerinde hizmet ettik&#8221;"},"content":{"rendered":"<p>Ula\u015ft\u0131rma ve Altyap\u0131 Bakan\u0131 Abdulkadir Uralo\u011flu, AK Parti Burdur \u0130l Ba\u015fkanl\u0131\u011f\u0131nda partililerle bulu\u015ftu. Bakan Uralo\u011flu, &#8220;AK Parti h\u00fck\u00fcmetleri d\u00f6neminde Burdur\u2019a 23 milyar\u0131n \u00fczerinde hizmet ettik. \u015eu anda sadece karayollar\u0131nda devam eden 8 tane projemiz var. Onlar\u0131nda 8-10 milyar tutar\u0131nda maliyeti var. Onlar\u0131nda \u00e7al\u0131\u015fmalar\u0131 devam ediyor&#8221; dedi.<br \/>\n<br \/>Ula\u015ft\u0131rma ve Altyap\u0131 Bakan\u0131 Abdulkadir Uralo\u011flu, AK Parti Burdur \u0130l Ba\u015fkanl\u0131\u011f\u0131nda partililerle bir araya geldi. Bakan Uralo\u011flu, &#8220;Burdur &#8211; Tefenni \u00c7avd\u0131r karayolu biraz ge\u00e7 oldu ama g\u00fc\u00e7 olmad\u0131 \u00e7ok \u015f\u00fck\u00fcr. Oray\u0131 bitirdik, \u00e7ok \u015f\u00fck\u00fcr s\u0131cak asfalt\u0131yla beraber tertemiz hizmete a\u00e7m\u0131\u015f olduk. Burdur\u2019umuza, milletimize, \u00fclkemize hay\u0131rl\u0131 u\u011furlu olsun. Tabii ki bizim g\u00f6revimiz hizmet etmek. Biz AK Parti h\u00fck\u00fcmetleri d\u00f6neminde Burdur\u2019da 23 milyar\u0131n \u00fczerinde hizmet ettik. \u015eu anda sadece karayollar\u0131nda devam eden 8 tane projemiz var. Onlar\u0131nda 8-10 milyar tutar\u0131nda maliyeti var. Onlar\u0131nda \u00e7al\u0131\u015fmalar\u0131 devam ediyor. Tabii g\u00fcn boyunca gerek il ba\u015fkan\u0131m\u0131z gerek milletvekillerimiz gerek il\u00e7e belediye ba\u015fkanlar\u0131m\u0131z olmak \u00fczere Burdur\u2019daki ihtiya\u00e7lar do\u011frultusunda taleplerini ilettiler. Biz de bu talepleri ald\u0131k ve arkada\u015flar\u0131m\u0131zla de\u011ferlendiriyoruz. Kendi sorumlulu\u011fumuzda olan b\u00f6lgelerde ne yapabiliriz, kendi sorumlulu\u011fumuz olmayan b\u00f6lgelerde nas\u0131l katk\u0131 sa\u011flayabiliriz onlara bakaca\u011f\u0131z. Bizim g\u00f6revimiz hizmet etmek. Biz yapt\u0131\u011f\u0131m\u0131z hizmetleri siyasette bir oy olarak kar\u015f\u0131l\u0131\u011f\u0131n\u0131 alabilsek biz y\u00fczde 80\u2019in \u00fczerinde oy alabiliriz&#8221; \u015feklinde konu\u015ftu.<br \/><\/p>\n","protected":false},"excerpt":{"rendered":"<p>Ula\u015ft\u0131rma ve Altyap\u0131 Bakan\u0131 Abdulkadir Uralo\u011flu, AK Parti Burdur \u0130l Ba\u015fkanl\u0131\u011f\u0131nda partililerle bulu\u015ftu. Bakan Uralo\u011flu, &#8220;AK Parti h\u00fck\u00fcmetleri d\u00f6neminde Burdur\u2019a 23 milyar\u0131n \u00fczerinde hizmet ettik. \u015eu anda sadece karayollar\u0131nda devam eden 8 tane projemiz var. Onlar\u0131nda 8-10 milyar tutar\u0131nda maliyeti var. Onlar\u0131nda \u00e7al\u0131\u015fmalar\u0131 devam ediyor&#8221; dedi. Ula\u015ft\u0131rma ve Altyap\u0131 Bakan\u0131 Abdulkadir Uralo\u011flu, AK Parti Burdur&#8230;<\/p>\n","protected":false},"author":1,"featured_media":65254,"comment_status":"open","ping_status":"open","sticky":false,"template":"","format":"standard","meta":{"_crdt_document":"","footnotes":""},"categories":[127],"tags":[],"class_list":["post-65253","post","type-post","status-publish","format-standard","has-post-thumbnail","hentry","category-siyaset"],"_links":{"self":[{"href":"https:\/\/www.egemtv.com\/index.php?rest_route=\/wp\/v2\/posts\/65253","targetHints":{"allow":["GET"]}}],"collection":[{"href":"https:\/\/www.egemtv.com\/index.php?rest_route=\/wp\/v2\/posts"}],"about":[{"href":"https:\/\/www.egemtv.com\/index.php?rest_route=\/wp\/v2\/types\/post"}],"author":[{"embeddable":true,"href":"https:\/\/www.egemtv.com\/index.php?rest_route=\/wp\/v2\/users\/1"}],"replies":[{"embeddable":true,"href":"https:\/\/www.egemtv.com\/index.php?rest_route=%2Fwp%2Fv2%2Fcomments&post=65253"}],"version-history":[{"count":1,"href":"https:\/\/www.egemtv.com\/index.php?rest_route=\/wp\/v2\/posts\/65253\/revisions"}],"predecessor-version":[{"id":65255,"href":"https:\/\/www.egemtv.com\/index.php?rest_route=\/wp\/v2\/posts\/65253\/revisions\/65255"}],"wp:featuredmedia":[{"embeddable":true,"href":"https:\/\/www.egemtv.com\/index.php?rest_route=\/wp\/v2\/media\/65254"}],"wp:attachment":[{"href":"https:\/\/www.egemtv.com\/index.php?rest_route=%2Fwp%2Fv2%2Fmedia&parent=65253"}],"wp:term":[{"taxonomy":"category","embeddable":true,"href":"https:\/\/www.egemtv.com\/index.php?rest_route=%2Fwp%2Fv2%2Fcategories&post=65253"},{"taxonomy":"post_tag","embeddable":true,"href":"https:\/\/www.egemtv.com\/index.php?rest_route=%2Fwp%2Fv2%2Ftags&post=65253"}],"curies":[{"name":"wp","href":"https:\/\/api.w.org\/{rel}","templated":true}]}}