{"id":65250,"date":"2025-11-01T18:14:57","date_gmt":"2025-11-01T15:14:57","guid":{"rendered":"https:\/\/www.egemtv.com\/?p=65250"},"modified":"2025-11-01T18:14:58","modified_gmt":"2025-11-01T15:14:58","slug":"trendyol-super-lig-goztepe-1-genclerbirligi-0-ilk-yari","status":"publish","type":"post","link":"https:\/\/www.egemtv.com\/?p=65250","title":{"rendered":"Trendyol S\u00fcper Lig: G\u00f6ztepe: 1 &#8211; Gen\u00e7lerbirli\u011fi: 0 (\u0130lk yar\u0131)"},"content":{"rendered":"<p>Trendyol S\u00fcper Lig\u2019in 11. haftas\u0131nda G\u00f6ztepe, Gen\u00e7lerbirli\u011fi\u2019ni konuk ediyor. Kar\u015f\u0131la\u015fman\u0131n ilk yar\u0131s\u0131 sar\u0131-k\u0131rm\u0131z\u0131l\u0131lar\u0131n 1-0\u2019l\u0131k \u00fcst\u00fcnl\u00fc\u011f\u00fcyle tamamland\u0131.<\/p>\n<p>Ma\u00e7tan dakikalar (\u0130lk yar\u0131)<br \/>\n<br \/>16 dakikada Dennis\u2019in ceza sahas\u0131na yerden pas\u0131nda Janderson\u2019un sert \u015futunda kaleci Erhan, topu kornere \u00e7eldi.<br \/>\n<br \/>25. dakikada Koita\u2019n\u0131n sa\u011f kanattan pas\u0131nda topla bulu\u015fan O\u011fulcan\u2019\u0131n ceza sahas\u0131na girerek vuru\u015funda me\u015fin yuvarlak yandan d\u0131\u015far\u0131 \u00e7\u0131kt\u0131.<br \/>\n<br \/>29. dakikada Cherni\u2019nin ortas\u0131nda Goutas\u2019\u0131n kafas\u0131ndan seken topu Juan a\u011flara g\u00f6nderdi. VAR incelemesi sonras\u0131 hakem Yasin Kol, pozisyonda Juan\u2019\u0131n topa elle m\u00fcdahale etti\u011fini tespit ederek gol\u00fc iptal etti.<br \/>\n<br \/>45+1. dakikada Miroshi\u2019nin ortas\u0131nda ceza sahas\u0131 i\u00e7inde Juan kafayla topu a\u011flara g\u00f6nderdi. 1-0<\/p>\n<p>Stat: G\u00fcrsel Aksel<br \/>\n<br \/>Hakemler: Yasin Kol, Abdullah Bora \u00d6zkara, Murat Ergin G\u00f6z\u00fctok<br \/>\n<br \/>G\u00f6ztepe: Mateusz Lis, Taha Alt\u0131karde\u015f, Heliton, Novatus Miroshi, Arda Okan Kurtulan, Rhaldney,  Anthony Dennis, Cherni, Efkan Bekiro\u011flu, Janderson, Juan<br \/>\n<br \/>Yedekler: Nevzat Tan Uzel, Ibrahim Sabra, Ahmed Ild\u0131z, Junior Olaitan, \u0130smail K\u00f6yba\u015f\u0131, Ruan, U\u011fur Kaan Y\u0131ld\u0131z, Og\u00fcn Bayrak<br \/>\n<br \/>Teknik Direkt\u00f6r: Stanimir Stoilov<br \/>\n<br \/>Gen\u00e7lerbirli\u011fi: Erhan Erent\u00fcrk, Pedro Pereira, Zan Zuzek, Dimitris Goutas, Matej Hanousek, Dele-Bashiru, O\u011fulcan \u00dclg\u00fcn, G\u00f6ktan G\u00fcrp\u00fcz, Sekou Koita, Franco Tongya, M\u2019Baye Niang<br \/>\n<br \/>Yedekler: Ricardo Velho, Henry Onyekuru, Samed Onur, Metehan Mimaro\u011flu, Furkan \u00d6zcan, Kevin Csoboth, Dilhan Demir, Abdurrahim Dursun, F\u0131ratcan \u00dcz\u00fcm, Sinan Osmano\u011flu,<br \/>\n<br \/>Teknik Direkt\u00f6r: Volkan Demirel<br \/>\n<br \/>Gol: Juan (dk. 45+1) (G\u00f6ztepe)<br \/><\/p>\n","protected":false},"excerpt":{"rendered":"<p>Trendyol S\u00fcper Lig\u2019in 11. haftas\u0131nda G\u00f6ztepe, Gen\u00e7lerbirli\u011fi\u2019ni konuk ediyor. Kar\u015f\u0131la\u015fman\u0131n ilk yar\u0131s\u0131 sar\u0131-k\u0131rm\u0131z\u0131l\u0131lar\u0131n 1-0\u2019l\u0131k \u00fcst\u00fcnl\u00fc\u011f\u00fcyle tamamland\u0131. Ma\u00e7tan dakikalar (\u0130lk yar\u0131) 16 dakikada Dennis\u2019in ceza sahas\u0131na yerden pas\u0131nda Janderson\u2019un sert \u015futunda kaleci Erhan, topu kornere \u00e7eldi. 25. dakikada Koita\u2019n\u0131n sa\u011f kanattan pas\u0131nda topla bulu\u015fan O\u011fulcan\u2019\u0131n ceza sahas\u0131na girerek vuru\u015funda me\u015fin yuvarlak yandan d\u0131\u015far\u0131 \u00e7\u0131kt\u0131. 29. dakikada&#8230;<\/p>\n","protected":false},"author":1,"featured_media":65251,"comment_status":"open","ping_status":"open","sticky":false,"template":"","format":"standard","meta":{"_crdt_document":"","footnotes":""},"categories":[4],"tags":[],"class_list":["post-65250","post","type-post","status-publish","format-standard","has-post-thumbnail","hentry","category-spor"],"_links":{"self":[{"href":"https:\/\/www.egemtv.com\/index.php?rest_route=\/wp\/v2\/posts\/65250","targetHints":{"allow":["GET"]}}],"collection":[{"href":"https:\/\/www.egemtv.com\/index.php?rest_route=\/wp\/v2\/posts"}],"about":[{"href":"https:\/\/www.egemtv.com\/index.php?rest_route=\/wp\/v2\/types\/post"}],"author":[{"embeddable":true,"href":"https:\/\/www.egemtv.com\/index.php?rest_route=\/wp\/v2\/users\/1"}],"replies":[{"embeddable":true,"href":"https:\/\/www.egemtv.com\/index.php?rest_route=%2Fwp%2Fv2%2Fcomments&post=65250"}],"version-history":[{"count":1,"href":"https:\/\/www.egemtv.com\/index.php?rest_route=\/wp\/v2\/posts\/65250\/revisions"}],"predecessor-version":[{"id":65252,"href":"https:\/\/www.egemtv.com\/index.php?rest_route=\/wp\/v2\/posts\/65250\/revisions\/65252"}],"wp:featuredmedia":[{"embeddable":true,"href":"https:\/\/www.egemtv.com\/index.php?rest_route=\/wp\/v2\/media\/65251"}],"wp:attachment":[{"href":"https:\/\/www.egemtv.com\/index.php?rest_route=%2Fwp%2Fv2%2Fmedia&parent=65250"}],"wp:term":[{"taxonomy":"category","embeddable":true,"href":"https:\/\/www.egemtv.com\/index.php?rest_route=%2Fwp%2Fv2%2Fcategories&post=65250"},{"taxonomy":"post_tag","embeddable":true,"href":"https:\/\/www.egemtv.com\/index.php?rest_route=%2Fwp%2Fv2%2Ftags&post=65250"}],"curies":[{"name":"wp","href":"https:\/\/api.w.org\/{rel}","templated":true}]}}