{"id":65247,"date":"2025-11-01T17:35:00","date_gmt":"2025-11-01T14:35:00","guid":{"rendered":"https:\/\/www.egemtv.com\/?p=65247"},"modified":"2025-11-01T17:35:01","modified_gmt":"2025-11-01T14:35:01","slug":"denizliden-salihliye-uyusturucu-sevkiyatina-jandarma-engeli","status":"publish","type":"post","link":"https:\/\/www.egemtv.com\/?p=65247","title":{"rendered":"Denizli\u2019den Salihli\u2019ye uyu\u015fturucu sevkiyat\u0131na jandarma engeli"},"content":{"rendered":"<p>Manisa\u2019n\u0131n Salihli il\u00e7esinde jandarma ekipleri, Denizli\u2019den getirilen uyu\u015fturucu maddeyi ele ge\u00e7irdi. \u015e\u00fcpheli, gizli b\u00f6lmeye saklad\u0131\u011f\u0131 esrarla yakaland\u0131.<br \/>\n<br \/>Uyu\u015fturucu madde ticaretine y\u00f6nelik \u00e7al\u0131\u015fmalar\u0131n\u0131 aral\u0131ks\u0131z s\u00fcrd\u00fcren Manisa \u0130l Jandarma Komutanl\u0131\u011f\u0131 ekipleri, Denizli\u2019den Salihli\u2019ye uyu\u015fturucu madde sevkiyat\u0131 yap\u0131laca\u011f\u0131 bilgisine ula\u015ft\u0131. Harekete ge\u00e7en Salihli JASAT ve Merkez Karakol Komutanl\u0131\u011f\u0131 ekipleri, \u015f\u00fcpheli V.\u00d6. (50) idaresindeki arac\u0131 Ala\u015fehir-Salihli karayolu Mevl\u00fctl\u00fc Mahallesi mevkiinde durdurdu.<br \/>\n<br \/>Ara\u00e7ta yap\u0131lan detayl\u0131 aramada, yolcu koltu\u011fu alt\u0131ndaki gizli b\u00f6lmede po\u015fet i\u00e7erisine konulmu\u015f 180 gram kubar esrar, 2 adet uyu\u015fturucu kullanma aparat\u0131 ve z\u0131vana ele ge\u00e7irildi.<br \/>\n<br \/>\u015e\u00fcpheli V.\u00d6. g\u00f6zalt\u0131na al\u0131n\u0131rken, jandarmadaki i\u015flemlerinin ard\u0131ndan adliyeye sevk edilece\u011fi \u00f6\u011frenildi.<br \/><\/p>\n","protected":false},"excerpt":{"rendered":"<p>Manisa\u2019n\u0131n Salihli il\u00e7esinde jandarma ekipleri, Denizli\u2019den getirilen uyu\u015fturucu maddeyi ele ge\u00e7irdi. \u015e\u00fcpheli, gizli b\u00f6lmeye saklad\u0131\u011f\u0131 esrarla yakaland\u0131. Uyu\u015fturucu madde ticaretine y\u00f6nelik \u00e7al\u0131\u015fmalar\u0131n\u0131 aral\u0131ks\u0131z s\u00fcrd\u00fcren Manisa \u0130l Jandarma Komutanl\u0131\u011f\u0131 ekipleri, Denizli\u2019den Salihli\u2019ye uyu\u015fturucu madde sevkiyat\u0131 yap\u0131laca\u011f\u0131 bilgisine ula\u015ft\u0131. Harekete ge\u00e7en Salihli JASAT ve Merkez Karakol Komutanl\u0131\u011f\u0131 ekipleri, \u015f\u00fcpheli V.\u00d6. (50) idaresindeki arac\u0131 Ala\u015fehir-Salihli karayolu Mevl\u00fctl\u00fc Mahallesi&#8230;<\/p>\n","protected":false},"author":1,"featured_media":65248,"comment_status":"open","ping_status":"open","sticky":false,"template":"","format":"standard","meta":{"_crdt_document":"","footnotes":""},"categories":[5],"tags":[],"class_list":["post-65247","post","type-post","status-publish","format-standard","has-post-thumbnail","hentry","category-asayis"],"_links":{"self":[{"href":"https:\/\/www.egemtv.com\/index.php?rest_route=\/wp\/v2\/posts\/65247","targetHints":{"allow":["GET"]}}],"collection":[{"href":"https:\/\/www.egemtv.com\/index.php?rest_route=\/wp\/v2\/posts"}],"about":[{"href":"https:\/\/www.egemtv.com\/index.php?rest_route=\/wp\/v2\/types\/post"}],"author":[{"embeddable":true,"href":"https:\/\/www.egemtv.com\/index.php?rest_route=\/wp\/v2\/users\/1"}],"replies":[{"embeddable":true,"href":"https:\/\/www.egemtv.com\/index.php?rest_route=%2Fwp%2Fv2%2Fcomments&post=65247"}],"version-history":[{"count":1,"href":"https:\/\/www.egemtv.com\/index.php?rest_route=\/wp\/v2\/posts\/65247\/revisions"}],"predecessor-version":[{"id":65249,"href":"https:\/\/www.egemtv.com\/index.php?rest_route=\/wp\/v2\/posts\/65247\/revisions\/65249"}],"wp:featuredmedia":[{"embeddable":true,"href":"https:\/\/www.egemtv.com\/index.php?rest_route=\/wp\/v2\/media\/65248"}],"wp:attachment":[{"href":"https:\/\/www.egemtv.com\/index.php?rest_route=%2Fwp%2Fv2%2Fmedia&parent=65247"}],"wp:term":[{"taxonomy":"category","embeddable":true,"href":"https:\/\/www.egemtv.com\/index.php?rest_route=%2Fwp%2Fv2%2Fcategories&post=65247"},{"taxonomy":"post_tag","embeddable":true,"href":"https:\/\/www.egemtv.com\/index.php?rest_route=%2Fwp%2Fv2%2Ftags&post=65247"}],"curies":[{"name":"wp","href":"https:\/\/api.w.org\/{rel}","templated":true}]}}