{"id":65244,"date":"2025-11-01T17:34:59","date_gmt":"2025-11-01T14:34:59","guid":{"rendered":"https:\/\/www.egemtv.com\/?p=65244"},"modified":"2025-11-01T17:35:00","modified_gmt":"2025-11-01T14:35:00","slug":"yasadisi-kinali-keklik-satisina-28-bin-tl-ceza","status":"publish","type":"post","link":"https:\/\/www.egemtv.com\/?p=65244","title":{"rendered":"Yasad\u0131\u015f\u0131 K\u0131nal\u0131 Keklik sat\u0131\u015f\u0131na 28 bin TL ceza"},"content":{"rendered":"<p>Mu\u011fla\u2019n\u0131n Dat\u00e7a il\u00e7esinde yasad\u0131\u015f\u0131 yollardan K\u0131nal\u0131 Keklik sat\u0131\u015f\u0131 yaparken yakalanan bir ki\u015fiye 28 bin TL ceza kesildi.<br \/>\n<br \/>112 Acil \u00c7a\u011fr\u0131 Merkezi kanal\u0131 ile Mu\u011fla Do\u011fa Koruma ve Milli Parklar M\u00fcd\u00fcrl\u00fc\u011f\u00fcne bir \u015fahs\u0131n elindeki d\u00f6rt adet K\u0131nal\u0131 Kekli\u011fi satmak i\u00e7in m\u00fc\u015fteri arad\u0131\u011f\u0131 ihbar\u0131nda bulundu. \u0130hbar sonras\u0131 Mu\u011fla Do\u011fa Koruma ve Milli Parklar ve Mu\u011fla \u0130l Jandarma Komutanl\u0131\u011f\u0131 ekipleri ile birlikte Dat\u00e7a \u0130l\u00e7esinde belirtilen adrese gitti. \u015eahs\u0131n elinde yasa d\u0131\u015f\u0131 olarak sat\u0131\u015f\u0131 yap\u0131lan 4 adet K\u0131nal\u0131 Keklik\u2019e \u2018Kara Avc\u0131l\u0131\u011f\u0131 Kanu\u2019nun ilgili maddesi uyar\u0131nca idari para cezas\u0131 ve kekliklere el konuldu.<br \/>\n<br \/>Yasad\u0131\u015f\u0131 sat\u0131\u015f i\u015flemi ger\u00e7ekle\u015ftirilen ki\u015fiye 12 bin TL idari para cezas\u0131 ve 16 bin TL de tazminat cezas\u0131 olmak \u00fczere toplamda 28 bin TL ceza uyguland\u0131.<br \/><\/p>\n","protected":false},"excerpt":{"rendered":"<p>Mu\u011fla\u2019n\u0131n Dat\u00e7a il\u00e7esinde yasad\u0131\u015f\u0131 yollardan K\u0131nal\u0131 Keklik sat\u0131\u015f\u0131 yaparken yakalanan bir ki\u015fiye 28 bin TL ceza kesildi. 112 Acil \u00c7a\u011fr\u0131 Merkezi kanal\u0131 ile Mu\u011fla Do\u011fa Koruma ve Milli Parklar M\u00fcd\u00fcrl\u00fc\u011f\u00fcne bir \u015fahs\u0131n elindeki d\u00f6rt adet K\u0131nal\u0131 Kekli\u011fi satmak i\u00e7in m\u00fc\u015fteri arad\u0131\u011f\u0131 ihbar\u0131nda bulundu. \u0130hbar sonras\u0131 Mu\u011fla Do\u011fa Koruma ve Milli Parklar ve Mu\u011fla \u0130l Jandarma&#8230;<\/p>\n","protected":false},"author":1,"featured_media":65245,"comment_status":"open","ping_status":"open","sticky":false,"template":"","format":"standard","meta":{"_crdt_document":"","footnotes":""},"categories":[5],"tags":[],"class_list":["post-65244","post","type-post","status-publish","format-standard","has-post-thumbnail","hentry","category-asayis"],"_links":{"self":[{"href":"https:\/\/www.egemtv.com\/index.php?rest_route=\/wp\/v2\/posts\/65244","targetHints":{"allow":["GET"]}}],"collection":[{"href":"https:\/\/www.egemtv.com\/index.php?rest_route=\/wp\/v2\/posts"}],"about":[{"href":"https:\/\/www.egemtv.com\/index.php?rest_route=\/wp\/v2\/types\/post"}],"author":[{"embeddable":true,"href":"https:\/\/www.egemtv.com\/index.php?rest_route=\/wp\/v2\/users\/1"}],"replies":[{"embeddable":true,"href":"https:\/\/www.egemtv.com\/index.php?rest_route=%2Fwp%2Fv2%2Fcomments&post=65244"}],"version-history":[{"count":1,"href":"https:\/\/www.egemtv.com\/index.php?rest_route=\/wp\/v2\/posts\/65244\/revisions"}],"predecessor-version":[{"id":65246,"href":"https:\/\/www.egemtv.com\/index.php?rest_route=\/wp\/v2\/posts\/65244\/revisions\/65246"}],"wp:featuredmedia":[{"embeddable":true,"href":"https:\/\/www.egemtv.com\/index.php?rest_route=\/wp\/v2\/media\/65245"}],"wp:attachment":[{"href":"https:\/\/www.egemtv.com\/index.php?rest_route=%2Fwp%2Fv2%2Fmedia&parent=65244"}],"wp:term":[{"taxonomy":"category","embeddable":true,"href":"https:\/\/www.egemtv.com\/index.php?rest_route=%2Fwp%2Fv2%2Fcategories&post=65244"},{"taxonomy":"post_tag","embeddable":true,"href":"https:\/\/www.egemtv.com\/index.php?rest_route=%2Fwp%2Fv2%2Ftags&post=65244"}],"curies":[{"name":"wp","href":"https:\/\/api.w.org\/{rel}","templated":true}]}}