{"id":65241,"date":"2025-11-01T17:14:57","date_gmt":"2025-11-01T14:14:57","guid":{"rendered":"https:\/\/www.egemtv.com\/?p=65241"},"modified":"2025-11-01T17:14:58","modified_gmt":"2025-11-01T14:14:58","slug":"ak-parti-kadin-kollari-baskani-ercan-cercioglu-binlerce-dava-kadinina-bedel","status":"publish","type":"post","link":"https:\/\/www.egemtv.com\/?p=65241","title":{"rendered":"AK Parti Kad\u0131n Kollar\u0131 Ba\u015fkan\u0131 Ercan: &#8220;\u00c7er\u00e7io\u011flu binlerce dava kad\u0131n\u0131na bedel&#8221;"},"content":{"rendered":"<p>AK Parti Genel Merkez Kad\u0131n Kollar\u0131 Ba\u015fkan\u0131 ve \u0130stanbul Milletvekili Tu\u011fba I\u015f\u0131k Ercan, Ayd\u0131n \u0130l Kad\u0131n Kollar\u0131 Dan\u0131\u015fma Meclisi Toplant\u0131s\u0131nda yapt\u0131\u011f\u0131 konu\u015fmada, AK Parti\u2019ye kat\u0131lan Ayd\u0131n B\u00fcy\u00fck\u015fehir Belediye Ba\u015fkan\u0131 \u00d6zlem \u00c7er\u00e7io\u011flu\u2019nun binlerce dava kad\u0131n\u0131na bedel oldu\u011funu s\u00f6yledi.<br \/>\n<br \/>Ayd\u0131n \u0130l Kad\u0131n Kollar\u0131 Dan\u0131\u015fma Meclisi Toplant\u0131s\u0131, \u015e\u00fckran G\u00fcng\u00f6r Y\u0131ld\u0131z Kenter Tiyatro Salonu\u2019nda ger\u00e7ekle\u015ftirildi. Toplant\u0131ya AK Parti Genel Merkezi Kad\u0131n Kollar\u0131 Ba\u015fkan\u0131 ve \u0130stanbul Milletvekili Tu\u011fba I\u015f\u0131k Ercan, AK Parti Ayd\u0131n Milletvekili Seda Sar\u0131ba\u015f, Ayd\u0131n B\u00fcy\u00fck\u015fehir Belediye Ba\u015fkan\u0131 \u00d6zlem \u00c7er\u00e7io\u011flu, \u0130l Ba\u015fkan\u0131 Mehmet Erdem, \u0130l Kad\u0131n Kollar\u0131 Ba\u015fkan\u0131 \u015eahika Edremit ile il ve il\u00e7e te\u015fkilatlar\u0131 kat\u0131ld\u0131. Partililer taraf\u0131ndan co\u015fkuyla kar\u015f\u0131lanan Ayd\u0131n B\u00fcy\u00fck\u015fehir Belediye Ba\u015fkan\u0131 \u00d6zlem \u00c7er\u00e7io\u011flu, kad\u0131nlar\u0131n deste\u011fiyle Ayd\u0131n\u2019da tarih yazmaya devam edeceklerini belirterek, &#8220;\u00c7ok \u00e7al\u0131\u015faca\u011f\u0131z. Daha \u00e7ok \u00e7al\u0131\u015fmaya haz\u0131r m\u0131s\u0131n\u0131z? Cumhurba\u015fkan\u0131m\u0131z\u0131 Ayd\u0131n\u2019da birinci parti yapmaya haz\u0131r m\u0131s\u0131n\u0131z? Sizlerin deste\u011fi olmadan asla ba\u015far\u0131ya ula\u015famay\u0131z. Sizlerin o b\u00fcy\u00fck deste\u011fi yan\u0131m\u0131zda olursa, biz Ayd\u0131n\u2019da tarih yazmaya devam edece\u011fiz&#8221; dedi.<br \/>\n<br \/>Programda konu\u015fan AK Parti Genel Merkez Kad\u0131n Kollar\u0131 Ba\u015fkan\u0131 ve \u0130stanbul Milletvekili Tu\u011fba I\u015f\u0131k Ercan ise Ayd\u0131n B\u00fcy\u00fck\u015fehir Belediye Ba\u015fkan\u0131 \u00d6zlem \u00c7er\u00e7io\u011flu\u2019na \u00f6vg\u00fc dolu s\u00f6zlerle te\u015fekk\u00fcr etti. Ercan; &#8220;Bu dava karde\u015flerimizin yan\u0131na \u00e7ok yak\u0131n zamanda b\u00fcy\u00fck\u015fehir belediye ba\u015fkan\u0131m\u0131z\u0131 katt\u0131k ki, binlerce dava kad\u0131n\u0131na bedel. \u2019Efe\u2019 deyince, \u2019Ayd\u0131n\u2019\u0131n efesi\u2019 deyince akla ilk gelen \u00d6zlem \u00c7er\u00e7io\u011flu ba\u015fkan\u0131m\u0131z. De\u011ferli ba\u015fkan\u0131m\u0131z g\u00f6n\u00fcl belediyecili\u011fini zaten yapan, g\u00f6nl\u00fcyle her daim bizimle olan bir isimdi. Resmen de AK Parti belediyecili\u011fine ge\u00e7erek Cumhurba\u015fkan\u0131m\u0131z\u0131n 1994\u2019te ba\u015flatt\u0131\u011f\u0131 Ak belediyecilik anlay\u0131\u015f\u0131n\u0131 Ayd\u0131n\u2019da en g\u00fczel \u015fekilde s\u00fcrd\u00fcr\u00fcyor&#8221; ifadelerini kulland\u0131.<br \/>\n<br \/>Cumhurba\u015fkan\u0131 Recep Tayyip Erdo\u011fan\u2019\u0131n &#8220;d\u00fcnya lideri&#8221; oldu\u011funu vurgulayan Ercan, &#8220;Cumhurba\u015fkan\u0131m\u0131z art\u0131k sadece T\u00fcrkiye\u2019nin de\u011fil, bir d\u00fcnya lideridir. NATO Parlamenter Meclis \u00dcyesi olarak kat\u0131ld\u0131\u011f\u0131m toplant\u0131larda T\u00fcrkiye\u2019ye g\u00f6sterilen sayg\u0131 onun liderli\u011findendir. Allah onu ba\u015f\u0131m\u0131zdan eksik etmesin. 2028 genel se\u00e7imlerinde ve 2029 yerel se\u00e7imlerinde Ayd\u0131n\u2019da da tarih yazmaya haz\u0131r m\u0131y\u0131z?&#8221; diyerek konu\u015fmas\u0131n\u0131 tamamlad\u0131.<br \/><\/p>\n","protected":false},"excerpt":{"rendered":"<p>AK Parti Genel Merkez Kad\u0131n Kollar\u0131 Ba\u015fkan\u0131 ve \u0130stanbul Milletvekili Tu\u011fba I\u015f\u0131k Ercan, Ayd\u0131n \u0130l Kad\u0131n Kollar\u0131 Dan\u0131\u015fma Meclisi Toplant\u0131s\u0131nda yapt\u0131\u011f\u0131 konu\u015fmada, AK Parti\u2019ye kat\u0131lan Ayd\u0131n B\u00fcy\u00fck\u015fehir Belediye Ba\u015fkan\u0131 \u00d6zlem \u00c7er\u00e7io\u011flu\u2019nun binlerce dava kad\u0131n\u0131na bedel oldu\u011funu s\u00f6yledi. Ayd\u0131n \u0130l Kad\u0131n Kollar\u0131 Dan\u0131\u015fma Meclisi Toplant\u0131s\u0131, \u015e\u00fckran G\u00fcng\u00f6r Y\u0131ld\u0131z Kenter Tiyatro Salonu\u2019nda ger\u00e7ekle\u015ftirildi. Toplant\u0131ya AK Parti Genel&#8230;<\/p>\n","protected":false},"author":1,"featured_media":65242,"comment_status":"open","ping_status":"open","sticky":false,"template":"","format":"standard","meta":{"_crdt_document":"","footnotes":""},"categories":[1],"tags":[],"class_list":["post-65241","post","type-post","status-publish","format-standard","has-post-thumbnail","hentry","category-guncel"],"_links":{"self":[{"href":"https:\/\/www.egemtv.com\/index.php?rest_route=\/wp\/v2\/posts\/65241","targetHints":{"allow":["GET"]}}],"collection":[{"href":"https:\/\/www.egemtv.com\/index.php?rest_route=\/wp\/v2\/posts"}],"about":[{"href":"https:\/\/www.egemtv.com\/index.php?rest_route=\/wp\/v2\/types\/post"}],"author":[{"embeddable":true,"href":"https:\/\/www.egemtv.com\/index.php?rest_route=\/wp\/v2\/users\/1"}],"replies":[{"embeddable":true,"href":"https:\/\/www.egemtv.com\/index.php?rest_route=%2Fwp%2Fv2%2Fcomments&post=65241"}],"version-history":[{"count":1,"href":"https:\/\/www.egemtv.com\/index.php?rest_route=\/wp\/v2\/posts\/65241\/revisions"}],"predecessor-version":[{"id":65243,"href":"https:\/\/www.egemtv.com\/index.php?rest_route=\/wp\/v2\/posts\/65241\/revisions\/65243"}],"wp:featuredmedia":[{"embeddable":true,"href":"https:\/\/www.egemtv.com\/index.php?rest_route=\/wp\/v2\/media\/65242"}],"wp:attachment":[{"href":"https:\/\/www.egemtv.com\/index.php?rest_route=%2Fwp%2Fv2%2Fmedia&parent=65241"}],"wp:term":[{"taxonomy":"category","embeddable":true,"href":"https:\/\/www.egemtv.com\/index.php?rest_route=%2Fwp%2Fv2%2Fcategories&post=65241"},{"taxonomy":"post_tag","embeddable":true,"href":"https:\/\/www.egemtv.com\/index.php?rest_route=%2Fwp%2Fv2%2Ftags&post=65241"}],"curies":[{"name":"wp","href":"https:\/\/api.w.org\/{rel}","templated":true}]}}