{"id":65238,"date":"2025-11-01T17:14:55","date_gmt":"2025-11-01T14:14:55","guid":{"rendered":"https:\/\/www.egemtv.com\/?p=65238"},"modified":"2025-11-01T17:14:56","modified_gmt":"2025-11-01T14:14:56","slug":"sokede-arili-kovan-tespiti-yapildi","status":"publish","type":"post","link":"https:\/\/www.egemtv.com\/?p=65238","title":{"rendered":"S\u00f6ke\u2019de ar\u0131l\u0131 kovan tespiti yap\u0131ld\u0131"},"content":{"rendered":"<p>Ayd\u0131n\u2019\u0131n S\u00f6ke il\u00e7esi\u2019ndeki ormanl\u0131k alanda konaklayan gezginci ar\u0131c\u0131lar\u0131n ar\u0131l\u0131 kovan tespitleri yap\u0131ld\u0131.<br \/>\n<br \/>Gezginci ar\u0131c\u0131lar, sezon boyunca do\u011fan\u0131n sundu\u011fu \u00e7e\u015fitli bitki \u00f6rt\u00fcs\u00fcnden yararlanarak bal \u00fcretimini ger\u00e7ekle\u015ftiriyor. Desteklemeye esas ar\u0131l\u0131 kovan tespit \u00e7al\u0131\u015fmalar\u0131 ise, bu sayede hem destekleme \u00f6demelerinden yararlan\u0131lmas\u0131n\u0131 sa\u011flayarak hem de bal \u00fcretiminin s\u00fcrd\u00fcr\u00fclebilirli\u011fini art\u0131r\u0131yor. Kovanlar\u0131n faal olup olmad\u0131\u011f\u0131n\u0131n yerinde tespit edilmesi, ar\u0131c\u0131l\u0131k sekt\u00f6r\u00fcnde do\u011fru ve adil destek da\u011f\u0131t\u0131m\u0131n\u0131 sa\u011flamaya y\u00f6nelik bir ad\u0131m olarak \u00f6ne \u00e7\u0131karken ekipler belirlenen program do\u011frultusunda il\u00e7enin farkl\u0131 b\u00f6lgelerinde saha \u00e7al\u0131\u015fmalar\u0131na devam ediyor. Bu kapsamda sahaya inen S\u00f6ke \u0130l\u00e7e Tar\u0131m ve Orman M\u00fcd\u00fcrl\u00fc\u011f\u00fc ekipleri, ormanl\u0131k alanda konaklayan gezginci ar\u0131c\u0131lar\u0131n ar\u0131l\u0131 kovan tespitlerini ger\u00e7ekle\u015ftirdi. Desteklemeye hak kazanacak kovanlar\u0131n say\u0131s\u0131n\u0131n netle\u015fmesiyle birlikte, ar\u0131c\u0131lar hem sekt\u00f6re katk\u0131 sa\u011flayacak hem de \u00fcretim kapasitelerini art\u0131rabilecek desteklerden faydalanma imkan\u0131na sahip olacak.<br \/><\/p>\n","protected":false},"excerpt":{"rendered":"<p>Ayd\u0131n\u2019\u0131n S\u00f6ke il\u00e7esi\u2019ndeki ormanl\u0131k alanda konaklayan gezginci ar\u0131c\u0131lar\u0131n ar\u0131l\u0131 kovan tespitleri yap\u0131ld\u0131. Gezginci ar\u0131c\u0131lar, sezon boyunca do\u011fan\u0131n sundu\u011fu \u00e7e\u015fitli bitki \u00f6rt\u00fcs\u00fcnden yararlanarak bal \u00fcretimini ger\u00e7ekle\u015ftiriyor. Desteklemeye esas ar\u0131l\u0131 kovan tespit \u00e7al\u0131\u015fmalar\u0131 ise, bu sayede hem destekleme \u00f6demelerinden yararlan\u0131lmas\u0131n\u0131 sa\u011flayarak hem de bal \u00fcretiminin s\u00fcrd\u00fcr\u00fclebilirli\u011fini art\u0131r\u0131yor. Kovanlar\u0131n faal olup olmad\u0131\u011f\u0131n\u0131n yerinde tespit edilmesi, ar\u0131c\u0131l\u0131k sekt\u00f6r\u00fcnde do\u011fru&#8230;<\/p>\n","protected":false},"author":1,"featured_media":65239,"comment_status":"open","ping_status":"open","sticky":false,"template":"","format":"standard","meta":{"_crdt_document":"","footnotes":""},"categories":[1],"tags":[],"class_list":["post-65238","post","type-post","status-publish","format-standard","has-post-thumbnail","hentry","category-guncel"],"_links":{"self":[{"href":"https:\/\/www.egemtv.com\/index.php?rest_route=\/wp\/v2\/posts\/65238","targetHints":{"allow":["GET"]}}],"collection":[{"href":"https:\/\/www.egemtv.com\/index.php?rest_route=\/wp\/v2\/posts"}],"about":[{"href":"https:\/\/www.egemtv.com\/index.php?rest_route=\/wp\/v2\/types\/post"}],"author":[{"embeddable":true,"href":"https:\/\/www.egemtv.com\/index.php?rest_route=\/wp\/v2\/users\/1"}],"replies":[{"embeddable":true,"href":"https:\/\/www.egemtv.com\/index.php?rest_route=%2Fwp%2Fv2%2Fcomments&post=65238"}],"version-history":[{"count":1,"href":"https:\/\/www.egemtv.com\/index.php?rest_route=\/wp\/v2\/posts\/65238\/revisions"}],"predecessor-version":[{"id":65240,"href":"https:\/\/www.egemtv.com\/index.php?rest_route=\/wp\/v2\/posts\/65238\/revisions\/65240"}],"wp:featuredmedia":[{"embeddable":true,"href":"https:\/\/www.egemtv.com\/index.php?rest_route=\/wp\/v2\/media\/65239"}],"wp:attachment":[{"href":"https:\/\/www.egemtv.com\/index.php?rest_route=%2Fwp%2Fv2%2Fmedia&parent=65238"}],"wp:term":[{"taxonomy":"category","embeddable":true,"href":"https:\/\/www.egemtv.com\/index.php?rest_route=%2Fwp%2Fv2%2Fcategories&post=65238"},{"taxonomy":"post_tag","embeddable":true,"href":"https:\/\/www.egemtv.com\/index.php?rest_route=%2Fwp%2Fv2%2Ftags&post=65238"}],"curies":[{"name":"wp","href":"https:\/\/api.w.org\/{rel}","templated":true}]}}