{"id":65235,"date":"2025-11-01T16:55:01","date_gmt":"2025-11-01T13:55:01","guid":{"rendered":"https:\/\/www.egemtv.com\/?p=65235"},"modified":"2025-11-01T16:55:02","modified_gmt":"2025-11-01T13:55:02","slug":"aydinda-59-genc-mucit-mezun-oldu","status":"publish","type":"post","link":"https:\/\/www.egemtv.com\/?p=65235","title":{"rendered":"Ayd\u0131n\u2019da 59 gen\u00e7 mucit, mezun oldu"},"content":{"rendered":"<p>Ayd\u0131n genelinde bir\u00e7ok gencin yeteneklerini ke\u015ffetmesini sa\u011flayan Deneyap Teknoloji At\u00f6lyesi\u2019nde e\u011fitim g\u00f6ren gen\u00e7 mucitler, 3 y\u0131ll\u0131k e\u011fitimlerinin ard\u0131ndan mezun oldu.<\/p>\n<p>On binlerce \u00f6\u011frenciye robotik ve kodlamadan nanoteknolojiye, tasar\u0131m ve \u00fcretimden yapay zekaya 11 farkl\u0131 alanda e\u011fitim veren Deneyap Teknoloji At\u00f6lyesi gen\u00e7 mucitlerine yol g\u00f6stermeye devam ediyor. Gelece\u011fin m\u00fchendislerini, teknoloji giri\u015fimcilerini ve teknoloji liderlerini yeti\u015ftirmek amac\u0131yla e\u011fitim vermek \u00fczere kurulan Ayd\u0131n Gen\u00e7lik Merkezi Deneyap Teknoloji At\u00f6lyesi\u2019nde de mezuniyet heyecan\u0131 ya\u015fand\u0131. 3 y\u0131ll\u0131k e\u011fitimlerini tamamlayan 59 \u00f6\u011frenci d\u00fczenlenen t\u00f6renle mezun oldu. Birbirinden farkl\u0131 projelerle dikkat \u00e7eken gen\u00e7 mucitler mezuniyet sevinci ya\u015farken, \u00f6\u011frencilere diplomalar\u0131 Ayd\u0131n Gen\u00e7lik ve Spor \u0130l M\u00fcd\u00fcr\u00fc Serhat Y\u0131\u011fmatepe taraf\u0131ndan takdim edildi.<\/p>\n<p>Konu ile ilgili Ayd\u0131n Gen\u00e7lik ve Spor \u0130l M\u00fcd\u00fcrl\u00fc\u011f\u00fc\u2019nden yap\u0131lan payla\u015f\u0131mda &#8220;Ayd\u0131n Gen\u00e7lik Merkezi DENEYAP Teknoloji At\u00f6lyesinde 59 \u00f6\u011frenci, 3 y\u0131ll\u0131k e\u011fitimlerini ba\u015far\u0131yla tamamlayarak mezun oldu. 81 ilde e\u015f zamanl\u0131 d\u00fczenlenen t\u00f6ren kapsam\u0131nda ger\u00e7ekle\u015ftirilen programa \u0130l M\u00fcd\u00fcr\u00fcm\u00fcz de kat\u0131l\u0131m sa\u011flad\u0131, \u00f6\u011frencileri tebrik ederek diplomalar\u0131n\u0131 takdim etti&#8221; ifadeleri yer ald\u0131.<br \/><\/p>\n","protected":false},"excerpt":{"rendered":"<p>Ayd\u0131n genelinde bir\u00e7ok gencin yeteneklerini ke\u015ffetmesini sa\u011flayan Deneyap Teknoloji At\u00f6lyesi\u2019nde e\u011fitim g\u00f6ren gen\u00e7 mucitler, 3 y\u0131ll\u0131k e\u011fitimlerinin ard\u0131ndan mezun oldu. On binlerce \u00f6\u011frenciye robotik ve kodlamadan nanoteknolojiye, tasar\u0131m ve \u00fcretimden yapay zekaya 11 farkl\u0131 alanda e\u011fitim veren Deneyap Teknoloji At\u00f6lyesi gen\u00e7 mucitlerine yol g\u00f6stermeye devam ediyor. Gelece\u011fin m\u00fchendislerini, teknoloji giri\u015fimcilerini ve teknoloji liderlerini yeti\u015ftirmek amac\u0131yla&#8230;<\/p>\n","protected":false},"author":1,"featured_media":65236,"comment_status":"open","ping_status":"open","sticky":false,"template":"","format":"standard","meta":{"_crdt_document":"","footnotes":""},"categories":[124],"tags":[],"class_list":["post-65235","post","type-post","status-publish","format-standard","has-post-thumbnail","hentry","category-bilim"],"_links":{"self":[{"href":"https:\/\/www.egemtv.com\/index.php?rest_route=\/wp\/v2\/posts\/65235","targetHints":{"allow":["GET"]}}],"collection":[{"href":"https:\/\/www.egemtv.com\/index.php?rest_route=\/wp\/v2\/posts"}],"about":[{"href":"https:\/\/www.egemtv.com\/index.php?rest_route=\/wp\/v2\/types\/post"}],"author":[{"embeddable":true,"href":"https:\/\/www.egemtv.com\/index.php?rest_route=\/wp\/v2\/users\/1"}],"replies":[{"embeddable":true,"href":"https:\/\/www.egemtv.com\/index.php?rest_route=%2Fwp%2Fv2%2Fcomments&post=65235"}],"version-history":[{"count":1,"href":"https:\/\/www.egemtv.com\/index.php?rest_route=\/wp\/v2\/posts\/65235\/revisions"}],"predecessor-version":[{"id":65237,"href":"https:\/\/www.egemtv.com\/index.php?rest_route=\/wp\/v2\/posts\/65235\/revisions\/65237"}],"wp:featuredmedia":[{"embeddable":true,"href":"https:\/\/www.egemtv.com\/index.php?rest_route=\/wp\/v2\/media\/65236"}],"wp:attachment":[{"href":"https:\/\/www.egemtv.com\/index.php?rest_route=%2Fwp%2Fv2%2Fmedia&parent=65235"}],"wp:term":[{"taxonomy":"category","embeddable":true,"href":"https:\/\/www.egemtv.com\/index.php?rest_route=%2Fwp%2Fv2%2Fcategories&post=65235"},{"taxonomy":"post_tag","embeddable":true,"href":"https:\/\/www.egemtv.com\/index.php?rest_route=%2Fwp%2Fv2%2Ftags&post=65235"}],"curies":[{"name":"wp","href":"https:\/\/api.w.org\/{rel}","templated":true}]}}