{"id":65232,"date":"2025-11-01T16:55:00","date_gmt":"2025-11-01T13:55:00","guid":{"rendered":"https:\/\/www.egemtv.com\/?p=65232"},"modified":"2025-11-01T16:55:01","modified_gmt":"2025-11-01T13:55:01","slug":"efelerde-ogretmenler-proje-uretimi-icin-bir-araya-geldi","status":"publish","type":"post","link":"https:\/\/www.egemtv.com\/?p=65232","title":{"rendered":"Efeler\u2019de \u00f6\u011fretmenler proje \u00fcretimi i\u00e7in bir araya geldi"},"content":{"rendered":"<p>Efeler \u0130l\u00e7e Milli E\u011fitim M\u00fcd\u00fcrl\u00fc\u011f\u00fc Bilim Akademisi, \u00f6\u011fretmenlerin proje \u00fcretme kapasitesini art\u0131rmak amac\u0131yla d\u00fczenledi\u011fi &#8220;Proje G\u00fcnleri Semineri ve At\u00f6lye \u00c7al\u0131\u015fmalar\u0131&#8221; ile e\u011fitimde yenilik\u00e7i fikirlerin \u00f6n\u00fcn\u00fc a\u00e7t\u0131.<\/p>\n<p>Efeler \u0130l\u00e7e Milli E\u011fitim M\u00fcd\u00fcrl\u00fc\u011f\u00fc Bilim Akademisi, il\u00e7ede g\u00f6rev yapan \u00f6\u011fretmenlerin proje geli\u015ftirme becerilerini art\u0131rmak amac\u0131yla &#8220;Proje G\u00fcnleri Semineri ve At\u00f6lye \u00c7al\u0131\u015fmalar\u0131&#8221; d\u00fczenledi. T\u00fcrkiye Bilimsel ve Teknik Ara\u015ft\u0131rma Kurumu 2204-A, 2204-B, Teknofest ve eTwinning proje s\u00fcre\u00e7lerine odaklanan yo\u011fun e\u011fitim program\u0131, \u00f6\u011fretmenlerin proje haz\u0131rlama kapasitelerini g\u00fc\u00e7lendirmeyi ve yenilik\u00e7i fikirleri desteklemeyi hedefliyor. A\u00e7\u0131l\u0131\u015fta konu\u015fan Efeler \u0130l\u00e7e Milli E\u011fitim M\u00fcd\u00fcr\u00fc Hakan \u00d6zcan, proje tabanl\u0131 e\u011fitimin yeni e\u011fitim anlay\u0131\u015f\u0131ndaki yerini vurgulayarak, &#8220;Projeler, Maarif Modelimizin en somut uygulama alan\u0131d\u0131r&#8221; dedi.<\/p>\n<p>Konu\u015fmas\u0131nda, Milli E\u011fitim Bakanl\u0131\u011f\u0131 taraf\u0131ndan hayata ge\u00e7irilen \u2019K\u00f6klerden Gelece\u011fe T\u00fcrkiye Y\u00fczy\u0131l\u0131 Maarif Modeli\u2019nin \u00f6nemine de de\u011finen M\u00fcd\u00fcr \u00d6zcan, modelin sadece akademik ba\u015far\u0131ya de\u011fil, ayn\u0131 zamanda milli ve manevi de\u011ferlere ba\u011fl\u0131, d\u00fcnyay\u0131 okuyabilen bireyler yeti\u015ftirmeyi hedefledi\u011fini belirtti.<\/p>\n<p>E\u011fitimde hedeflerinin b\u00fcy\u00fck oldu\u011funu ifade eden \u00d6zcan, konu\u015fmas\u0131n\u0131n devam\u0131nda &#8220;Hedefimiz, T\u00fcrk ve T\u00fcrkiye Y\u00fczy\u0131l\u0131 \u00fclk\u00fcs\u00fcne yak\u0131\u015f\u0131r \u015fekilde, milli teknoloji hamlesine y\u00f6n veren, bilim \u00fcreten, d\u00fcnyayla rekabet edebilen ve kendi hikayesini yazabilen bir nesil in\u015fa etmektir. Bu vizyonun en \u00f6nemli akt\u00f6rleri, \u00f6\u011frencilerimizin y\u00fcre\u011findeki ilk proje k\u0131v\u0131lc\u0131m\u0131n\u0131 yakacak olan siz de\u011ferli \u00f6\u011fretmenlerimizsiniz&#8221; ifadelerini kulland\u0131.<\/p>\n<p>Efeler Bilim Akademisi koordinasyonunda y\u00fcr\u00fct\u00fclen seminer ve at\u00f6lye program\u0131, \u00f6\u011fretmenlerin aktif kat\u0131l\u0131m\u0131yla tamamland\u0131.<br \/><\/p>\n","protected":false},"excerpt":{"rendered":"<p>Efeler \u0130l\u00e7e Milli E\u011fitim M\u00fcd\u00fcrl\u00fc\u011f\u00fc Bilim Akademisi, \u00f6\u011fretmenlerin proje \u00fcretme kapasitesini art\u0131rmak amac\u0131yla d\u00fczenledi\u011fi &#8220;Proje G\u00fcnleri Semineri ve At\u00f6lye \u00c7al\u0131\u015fmalar\u0131&#8221; ile e\u011fitimde yenilik\u00e7i fikirlerin \u00f6n\u00fcn\u00fc a\u00e7t\u0131. Efeler \u0130l\u00e7e Milli E\u011fitim M\u00fcd\u00fcrl\u00fc\u011f\u00fc Bilim Akademisi, il\u00e7ede g\u00f6rev yapan \u00f6\u011fretmenlerin proje geli\u015ftirme becerilerini art\u0131rmak amac\u0131yla &#8220;Proje G\u00fcnleri Semineri ve At\u00f6lye \u00c7al\u0131\u015fmalar\u0131&#8221; d\u00fczenledi. T\u00fcrkiye Bilimsel ve Teknik Ara\u015ft\u0131rma Kurumu&#8230;<\/p>\n","protected":false},"author":1,"featured_media":65233,"comment_status":"open","ping_status":"open","sticky":false,"template":"","format":"standard","meta":{"_crdt_document":"","footnotes":""},"categories":[1],"tags":[],"class_list":["post-65232","post","type-post","status-publish","format-standard","has-post-thumbnail","hentry","category-guncel"],"_links":{"self":[{"href":"https:\/\/www.egemtv.com\/index.php?rest_route=\/wp\/v2\/posts\/65232","targetHints":{"allow":["GET"]}}],"collection":[{"href":"https:\/\/www.egemtv.com\/index.php?rest_route=\/wp\/v2\/posts"}],"about":[{"href":"https:\/\/www.egemtv.com\/index.php?rest_route=\/wp\/v2\/types\/post"}],"author":[{"embeddable":true,"href":"https:\/\/www.egemtv.com\/index.php?rest_route=\/wp\/v2\/users\/1"}],"replies":[{"embeddable":true,"href":"https:\/\/www.egemtv.com\/index.php?rest_route=%2Fwp%2Fv2%2Fcomments&post=65232"}],"version-history":[{"count":1,"href":"https:\/\/www.egemtv.com\/index.php?rest_route=\/wp\/v2\/posts\/65232\/revisions"}],"predecessor-version":[{"id":65234,"href":"https:\/\/www.egemtv.com\/index.php?rest_route=\/wp\/v2\/posts\/65232\/revisions\/65234"}],"wp:featuredmedia":[{"embeddable":true,"href":"https:\/\/www.egemtv.com\/index.php?rest_route=\/wp\/v2\/media\/65233"}],"wp:attachment":[{"href":"https:\/\/www.egemtv.com\/index.php?rest_route=%2Fwp%2Fv2%2Fmedia&parent=65232"}],"wp:term":[{"taxonomy":"category","embeddable":true,"href":"https:\/\/www.egemtv.com\/index.php?rest_route=%2Fwp%2Fv2%2Fcategories&post=65232"},{"taxonomy":"post_tag","embeddable":true,"href":"https:\/\/www.egemtv.com\/index.php?rest_route=%2Fwp%2Fv2%2Ftags&post=65232"}],"curies":[{"name":"wp","href":"https:\/\/api.w.org\/{rel}","templated":true}]}}