{"id":65229,"date":"2025-11-01T16:34:51","date_gmt":"2025-11-01T13:34:51","guid":{"rendered":"https:\/\/www.egemtv.com\/?p=65229"},"modified":"2025-11-01T16:34:52","modified_gmt":"2025-11-01T13:34:52","slug":"fethiyede-motosiklet-kazasi-1-olu-2","status":"publish","type":"post","link":"https:\/\/www.egemtv.com\/?p=65229","title":{"rendered":"Fethiye\u2019de motosiklet kazas\u0131: 1 \u00f6l\u00fc"},"content":{"rendered":"<p>Fethiye\u2019nin Kara\u00e7ulha Mahallesi\u2019nde gece yar\u0131s\u0131 meydana gelen tek tarafl\u0131 motosiklet kazas\u0131nda 21 ya\u015f\u0131ndaki Eren Sever ya\u015fam\u0131n\u0131 yitirdi.<\/p>\n<p>Edinilen bilgilere g\u00f6re, 48 AOE 824 plakal\u0131 motosikletiyle Cumhuriyet Bulvar\u0131 \u00fczerinde seyir halinde olan Eren Sever, direksiyon hakimiyetini kaybederek kaza yapt\u0131. Kazay\u0131 g\u00f6ren \u00e7evredeki vatanda\u015flar durumu 112 Acil \u00c7a\u011fr\u0131 Merkezi\u2019ne bildirdi. Olay yerine sa\u011fl\u0131k ve polis ekipleri sevk edildi. A\u011f\u0131r yaralanan gen\u00e7, sa\u011fl\u0131k ekipleri taraf\u0131ndan il\u00e7edeki \u00f6zel bir hastaneye kald\u0131r\u0131ld\u0131 ancak t\u00fcm m\u00fcdahalelere ra\u011fmen kurtar\u0131lamad\u0131. Eren Sever\u2019in cenazesinin, memleketi Ayd\u0131n\u2019\u0131n S\u00f6ke il\u00e7esi Atburgaz\u0131 Mezarl\u0131\u011f\u0131\u2019nda topra\u011fa verilece\u011fi \u00f6\u011frenildi.<br \/><\/p>\n","protected":false},"excerpt":{"rendered":"<p>Fethiye\u2019nin Kara\u00e7ulha Mahallesi\u2019nde gece yar\u0131s\u0131 meydana gelen tek tarafl\u0131 motosiklet kazas\u0131nda 21 ya\u015f\u0131ndaki Eren Sever ya\u015fam\u0131n\u0131 yitirdi. Edinilen bilgilere g\u00f6re, 48 AOE 824 plakal\u0131 motosikletiyle Cumhuriyet Bulvar\u0131 \u00fczerinde seyir halinde olan Eren Sever, direksiyon hakimiyetini kaybederek kaza yapt\u0131. Kazay\u0131 g\u00f6ren \u00e7evredeki vatanda\u015flar durumu 112 Acil \u00c7a\u011fr\u0131 Merkezi\u2019ne bildirdi. Olay yerine sa\u011fl\u0131k ve polis ekipleri sevk&#8230;<\/p>\n","protected":false},"author":1,"featured_media":65230,"comment_status":"open","ping_status":"open","sticky":false,"template":"","format":"standard","meta":{"_crdt_document":"","footnotes":""},"categories":[5],"tags":[],"class_list":["post-65229","post","type-post","status-publish","format-standard","has-post-thumbnail","hentry","category-asayis"],"_links":{"self":[{"href":"https:\/\/www.egemtv.com\/index.php?rest_route=\/wp\/v2\/posts\/65229","targetHints":{"allow":["GET"]}}],"collection":[{"href":"https:\/\/www.egemtv.com\/index.php?rest_route=\/wp\/v2\/posts"}],"about":[{"href":"https:\/\/www.egemtv.com\/index.php?rest_route=\/wp\/v2\/types\/post"}],"author":[{"embeddable":true,"href":"https:\/\/www.egemtv.com\/index.php?rest_route=\/wp\/v2\/users\/1"}],"replies":[{"embeddable":true,"href":"https:\/\/www.egemtv.com\/index.php?rest_route=%2Fwp%2Fv2%2Fcomments&post=65229"}],"version-history":[{"count":1,"href":"https:\/\/www.egemtv.com\/index.php?rest_route=\/wp\/v2\/posts\/65229\/revisions"}],"predecessor-version":[{"id":65231,"href":"https:\/\/www.egemtv.com\/index.php?rest_route=\/wp\/v2\/posts\/65229\/revisions\/65231"}],"wp:featuredmedia":[{"embeddable":true,"href":"https:\/\/www.egemtv.com\/index.php?rest_route=\/wp\/v2\/media\/65230"}],"wp:attachment":[{"href":"https:\/\/www.egemtv.com\/index.php?rest_route=%2Fwp%2Fv2%2Fmedia&parent=65229"}],"wp:term":[{"taxonomy":"category","embeddable":true,"href":"https:\/\/www.egemtv.com\/index.php?rest_route=%2Fwp%2Fv2%2Fcategories&post=65229"},{"taxonomy":"post_tag","embeddable":true,"href":"https:\/\/www.egemtv.com\/index.php?rest_route=%2Fwp%2Fv2%2Ftags&post=65229"}],"curies":[{"name":"wp","href":"https:\/\/api.w.org\/{rel}","templated":true}]}}