{"id":65226,"date":"2025-11-01T16:34:50","date_gmt":"2025-11-01T13:34:50","guid":{"rendered":"https:\/\/www.egemtv.com\/?p=65226"},"modified":"2025-11-01T16:34:51","modified_gmt":"2025-11-01T13:34:51","slug":"baskan-tetik-universite-ogrencileri-ile-bulustu","status":"publish","type":"post","link":"https:\/\/www.egemtv.com\/?p=65226","title":{"rendered":"Ba\u015fkan Tetik \u00fcniversite \u00f6\u011frencileri ile bulu\u015ftu"},"content":{"rendered":"<p>Nazilli Belediye Ba\u015fkan\u0131 Dr. Ertu\u011frul Tetik, Ayd\u0131n Adnan Menderes \u00dcniversitesi Nazilli \u0130ktisadi ve \u0130dari Bilimler Fak\u00fcltesi Uluslararas\u0131 \u0130li\u015fkiler Toplulu\u011fu\u2019nun davetiyle \u00f6\u011frencilerle bir araya geldi.<br \/>\n<br \/>&#8220;Liderlik ve Vizyon&#8221; ba\u015fl\u0131\u011f\u0131yla ger\u00e7ekle\u015ftirilen s\u00f6yle\u015fide Ba\u015fkan Tetik, Nazilli\u2019de y\u00fcr\u00fct\u00fclen belediye \u00e7al\u0131\u015fmalar\u0131, yerel y\u00f6netim anlay\u0131\u015f\u0131 ve gen\u00e7lerin gelece\u011fe dair beklentileri hakk\u0131nda de\u011ferlendirmelerde bulundu.<br \/>\n<br \/>Etkinlikte \u00f6\u011frencilerin sorular\u0131n\u0131 da yan\u0131tlayan Tetik, g\u00f6reve geldikleri 20 ayl\u0131k s\u00fcre\u00e7te \u015fehrin bir\u00e7ok eksi\u011fini giderdiklerini ifade etti. Hen\u00fcz hedefledikleri noktaya tam olarak ula\u015famad\u0131klar\u0131n\u0131 belirten Tetik, 2026 y\u0131l\u0131nda e\u015f zamanl\u0131 olarak \u00e7ok say\u0131da projeyi hayata ge\u00e7ireceklerini s\u00f6yledi.<br \/>\n<br \/>Gen\u00e7lerle samimi bir ortamda ger\u00e7ekle\u015fen s\u00f6yle\u015fide, Nazilli\u2019nin gelece\u011fi i\u00e7in fikir al\u0131\u015fveri\u015finde bulunuldu. Ba\u015fkan Tetik, gen\u00e7lerin dinamizminin ve yenilik\u00e7i fikirlerinin kentin geli\u015fiminde \u00f6nemli bir rol oynad\u0131\u011f\u0131n\u0131 vurgulad\u0131.<br \/><\/p>\n","protected":false},"excerpt":{"rendered":"<p>Nazilli Belediye Ba\u015fkan\u0131 Dr. Ertu\u011frul Tetik, Ayd\u0131n Adnan Menderes \u00dcniversitesi Nazilli \u0130ktisadi ve \u0130dari Bilimler Fak\u00fcltesi Uluslararas\u0131 \u0130li\u015fkiler Toplulu\u011fu\u2019nun davetiyle \u00f6\u011frencilerle bir araya geldi. &#8220;Liderlik ve Vizyon&#8221; ba\u015fl\u0131\u011f\u0131yla ger\u00e7ekle\u015ftirilen s\u00f6yle\u015fide Ba\u015fkan Tetik, Nazilli\u2019de y\u00fcr\u00fct\u00fclen belediye \u00e7al\u0131\u015fmalar\u0131, yerel y\u00f6netim anlay\u0131\u015f\u0131 ve gen\u00e7lerin gelece\u011fe dair beklentileri hakk\u0131nda de\u011ferlendirmelerde bulundu. Etkinlikte \u00f6\u011frencilerin sorular\u0131n\u0131 da yan\u0131tlayan Tetik, g\u00f6reve geldikleri&#8230;<\/p>\n","protected":false},"author":1,"featured_media":65227,"comment_status":"open","ping_status":"open","sticky":false,"template":"","format":"standard","meta":{"_crdt_document":"","footnotes":""},"categories":[1],"tags":[],"class_list":["post-65226","post","type-post","status-publish","format-standard","has-post-thumbnail","hentry","category-guncel"],"_links":{"self":[{"href":"https:\/\/www.egemtv.com\/index.php?rest_route=\/wp\/v2\/posts\/65226","targetHints":{"allow":["GET"]}}],"collection":[{"href":"https:\/\/www.egemtv.com\/index.php?rest_route=\/wp\/v2\/posts"}],"about":[{"href":"https:\/\/www.egemtv.com\/index.php?rest_route=\/wp\/v2\/types\/post"}],"author":[{"embeddable":true,"href":"https:\/\/www.egemtv.com\/index.php?rest_route=\/wp\/v2\/users\/1"}],"replies":[{"embeddable":true,"href":"https:\/\/www.egemtv.com\/index.php?rest_route=%2Fwp%2Fv2%2Fcomments&post=65226"}],"version-history":[{"count":1,"href":"https:\/\/www.egemtv.com\/index.php?rest_route=\/wp\/v2\/posts\/65226\/revisions"}],"predecessor-version":[{"id":65228,"href":"https:\/\/www.egemtv.com\/index.php?rest_route=\/wp\/v2\/posts\/65226\/revisions\/65228"}],"wp:featuredmedia":[{"embeddable":true,"href":"https:\/\/www.egemtv.com\/index.php?rest_route=\/wp\/v2\/media\/65227"}],"wp:attachment":[{"href":"https:\/\/www.egemtv.com\/index.php?rest_route=%2Fwp%2Fv2%2Fmedia&parent=65226"}],"wp:term":[{"taxonomy":"category","embeddable":true,"href":"https:\/\/www.egemtv.com\/index.php?rest_route=%2Fwp%2Fv2%2Fcategories&post=65226"},{"taxonomy":"post_tag","embeddable":true,"href":"https:\/\/www.egemtv.com\/index.php?rest_route=%2Fwp%2Fv2%2Ftags&post=65226"}],"curies":[{"name":"wp","href":"https:\/\/api.w.org\/{rel}","templated":true}]}}