{"id":65223,"date":"2025-11-01T16:16:00","date_gmt":"2025-11-01T13:16:00","guid":{"rendered":"https:\/\/www.egemtv.com\/?p=65223"},"modified":"2025-11-01T16:16:01","modified_gmt":"2025-11-01T13:16:01","slug":"guncellendi-paranin-ilk-basildigi-sardes-antik-kenti-artik-gece-de-parliyor","status":"publish","type":"post","link":"https:\/\/www.egemtv.com\/?p=65223","title":{"rendered":"(G\u00fcncellendi) Paran\u0131n ilk bas\u0131ld\u0131\u011f\u0131 Sardes Antik Kenti art\u0131k gece de parl\u0131yor"},"content":{"rendered":"<p>Manisa\u2019n\u0131n Salihli il\u00e7esinde bulunan ve ge\u00e7ti\u011fimiz Temmuz ay\u0131nda UNESCO D\u00fcnya Miras\u0131 Listesi\u2019ne dahil edilen Sardes Antik Kenti\u2019nde \u0131\u015f\u0131kland\u0131rma \u00e7al\u0131\u015fmalar\u0131 tamamland\u0131 ve b\u00f6lgede gece m\u00fczecili\u011fi uygulamas\u0131 resmen ba\u015flat\u0131ld\u0131. Nisan ay\u0131ndan itibaren ziyaret\u00e7iler, antik kenti gece \u0131\u015f\u0131klar\u0131 alt\u0131nda gezebilecek.<br \/>\n<br \/>Lidya Krall\u0131\u011f\u0131\u2019na ba\u015fkentlik yapan ve tarihte ilk madeni paran\u0131n bas\u0131ld\u0131\u011f\u0131 yer olarak kabul edilen Sardes\u2019te \u0131\u015f\u0131kland\u0131rma ve \u00e7evre d\u00fczenleme \u00e7al\u0131\u015fmalar\u0131 tamamland\u0131. Nisan ay\u0131 ortas\u0131 itibar\u0131yla ziyaret\u00e7iler; Artemis Tap\u0131na\u011f\u0131, Gymnasium ve hamam kompleksini \u00f6zel \u0131\u015f\u0131kland\u0131rmalar e\u015fli\u011finde g\u00f6rme f\u0131rsat\u0131 bulacak.<br \/>\n<br \/>AK Parti MKYK \u00dcyesi ve Manisa Milletvekili M\u00fccahit Ar\u0131n\u00e7, Manisa M\u00fczesi\u2019ni ziyaretinde gazetecilerin Sardes\u2019e ili\u015fkin sorular\u0131n\u0131 yan\u0131tlad\u0131. Projeye y\u00f6nelik \u00e7al\u0131\u015fmalar\u0131n ba\u015flang\u0131c\u0131ndan itibaren hem bakanl\u0131klar hem de ilgili kurumlar nezdinde gerekli koordinasyonun sa\u011flanmas\u0131nda aktif rol \u00fcstlenen Ar\u0131n\u00e7, bu topraklarda bulunan binlerce y\u0131ll\u0131k k\u00fclt\u00fcrel miras\u0131 koruman\u0131n ve gelecek nesillere aktarman\u0131n en b\u00fcy\u00fck sorumluluklar\u0131 oldu\u011funu ifade etti.<br \/>\n<br \/>\u00d6te yandan, gece m\u00fczecili\u011fi kapsam\u0131nda ger\u00e7ekle\u015ftirilen \u0131\u015f\u0131kland\u0131rma \u00e7al\u0131\u015fmalar\u0131yla birlikte tarihi dokusu vurgulanan Sardes Antik Kentinde \u00e7ekilen dron g\u00f6r\u00fcnt\u00fcleri, kentin binlerce y\u0131ll\u0131k ihti\u015fam\u0131n\u0131 g\u00f6zler \u00f6n\u00fcne serdi. Alt\u0131n rengi \u0131\u015f\u0131klarla ayd\u0131nlat\u0131lan s\u00fctunlar ve yap\u0131lar, hem tarih merakl\u0131lar\u0131n\u0131n hem de foto\u011fraf tutkunlar\u0131n\u0131n b\u00fcy\u00fck be\u011fenisini toplad\u0131.<br \/>\n<br \/>&#8220;Turizm alan\u0131nda Manisa\u2019n\u0131n inan\u0131lmaz bir potansiyeli var&#8221;<br \/>\n<br \/>Manisa\u2019n\u0131n tarihi eserler anlam\u0131nda bir hazine oldu\u011funa dikkat \u00e7eken AK Parti MKYK \u00dcyesi ve Manisa Milletvekili M\u00fccahit Ar\u0131n\u00e7, &#8220;Manisa\u2019m\u0131z\u0131n sahip oldu\u011fu b\u00fct\u00fcn arkeolojik eserler, tarihi eserlerle bir hazine. Bu topraklarda ya\u015famak, bu topraklarda bulunmak ve gelece\u011fi birlikte in\u015fa etmek i\u00e7in Manisa\u2019m\u0131z i\u00e7in projeler haz\u0131rl\u0131yoruz. \u0130ki seneyi ge\u00e7ti\u011fimiz genel se\u00e7imlerin \u00fczerinden Manisa milletvekili oldu\u011fum d\u00f6nemden itibaren \u015fehrimle ilgili b\u00fct\u00fcn hayallerimi, hedeflerimi bu ama\u00e7la tekrardan olu\u015fturmaya ba\u015flad\u0131m. \u00d6zellikle k\u00fclt\u00fcrel alanda, turizm alan\u0131nda Manisa\u2019n\u0131n inan\u0131lmaz bir potansiyeli var. Sadece fark\u0131ndal\u0131\u011f\u0131m\u0131z\u0131 art\u0131r\u0131p bu hazineleri payla\u015fmak ve gelece\u011fe do\u011fru tekrardan sahiplenicisi olmak i\u00e7in bir \u015feyler yapmam\u0131z gerekiyordu. \u00d6zellikle ge\u00e7en sene 17-25 May\u0131s tarihlerinde K\u00fclt\u00fcr Bakanl\u0131\u011f\u0131m\u0131z\u0131n destekleri ve Cumhurba\u015fkan\u0131m\u0131z\u0131n da tasarrufuyla Manisa\u2019m\u0131z\u0131 K\u00fclt\u00fcr Yolu Festivali\u2019ne dahil ettik. \u015eehrimizin 40 farkl\u0131 noktas\u0131nda farkl\u0131 mekanlarda gastronomiden tiyatrolara, sergilere, konserlere ve etkinliklere inan\u0131lmaz bir festival haftas\u0131 ya\u015fad\u0131k. Ve bu sene yine \u00f6n\u00fcm\u00fczdeki may\u0131s ay\u0131nda ayn\u0131 \u015fekilde ve daha co\u015fkuyla bu festivali birlikte ya\u015fayaca\u011f\u0131z&#8221; dedi.<br \/>\n<br \/>&#8220;Gece m\u00fczecili\u011fi anlam\u0131nda da Sardes Antik Kenti ilgilileriyle, ziyaret\u00e7ileriyle kavu\u015facak&#8221;<br \/>\n<br \/>Sardes Antik Kentinde uzun y\u0131llard\u0131r restorasyonun devam etti\u011fini ve gece m\u00fczecili\u011fi ile ayr\u0131 bir \u00f6neme geldi\u011fini belirten Ar\u0131n\u00e7, &#8220;Sardes Antik Kenti ile ilgili de uzun y\u0131llard\u0131r kaz\u0131 \u00e7al\u0131\u015fmalar\u0131 devam ediyordu. Restorasyon \u00e7al\u0131\u015fmalar\u0131 devam ediyordu ve biz orada art\u0131k yeni modern gece m\u00fczecili\u011fi kavram\u0131n\u0131 da ba\u015flatmaya karar verdik. Oran\u0131n \u0131\u015f\u0131kland\u0131rmas\u0131 bitirildi. S\u00f6z verdi\u011fimiz gibi milletvekili oldu\u011fum d\u00f6nemden beri derdine d\u00fc\u015ft\u00fc\u011f\u00fcm, dertlendi\u011fim ne kadar i\u015f varsa onlar\u0131 yapmaya \u00e7al\u0131\u015ft\u0131k. \u0130n\u015fallah en k\u0131sa zamanda gece m\u00fczecili\u011fi anlam\u0131nda da Sardes Antik Kenti ilgilileriyle, ziyaret\u00e7ileriyle kavu\u015facak. Ve g\u00fczel haberler bereketiyle birlikte gelmeye ba\u015flad\u0131. Sardes d\u00fcnyada koruma alt\u0131na al\u0131nan, ya\u015fayan miras listesinde 22. eser olarak T\u00fcrkiye\u2019den koruma alt\u0131na al\u0131nan bir yer haline geldi&#8221; diye konu\u015ftu.<br \/>\n<br \/>K\u00fclt\u00fcr ve Turizm M\u00fcd\u00fcr\u00fc \u0130brahim Sudak ile birlikte Manisa M\u00fczesindeki eserleri inceleyen AK Parti MKYK \u00dcyesi ve Manisa Milletvekili M\u00fccahit Ar\u0131n\u00e7, sergilenen eserler hakk\u0131nda bilgi ald\u0131.<br \/><\/p>\n","protected":false},"excerpt":{"rendered":"<p>Manisa\u2019n\u0131n Salihli il\u00e7esinde bulunan ve ge\u00e7ti\u011fimiz Temmuz ay\u0131nda UNESCO D\u00fcnya Miras\u0131 Listesi\u2019ne dahil edilen Sardes Antik Kenti\u2019nde \u0131\u015f\u0131kland\u0131rma \u00e7al\u0131\u015fmalar\u0131 tamamland\u0131 ve b\u00f6lgede gece m\u00fczecili\u011fi uygulamas\u0131 resmen ba\u015flat\u0131ld\u0131. Nisan ay\u0131ndan itibaren ziyaret\u00e7iler, antik kenti gece \u0131\u015f\u0131klar\u0131 alt\u0131nda gezebilecek. Lidya Krall\u0131\u011f\u0131\u2019na ba\u015fkentlik yapan ve tarihte ilk madeni paran\u0131n bas\u0131ld\u0131\u011f\u0131 yer olarak kabul edilen Sardes\u2019te \u0131\u015f\u0131kland\u0131rma ve \u00e7evre&#8230;<\/p>\n","protected":false},"author":1,"featured_media":65224,"comment_status":"open","ping_status":"open","sticky":false,"template":"","format":"standard","meta":{"_crdt_document":"","footnotes":""},"categories":[1],"tags":[],"class_list":["post-65223","post","type-post","status-publish","format-standard","has-post-thumbnail","hentry","category-guncel"],"_links":{"self":[{"href":"https:\/\/www.egemtv.com\/index.php?rest_route=\/wp\/v2\/posts\/65223","targetHints":{"allow":["GET"]}}],"collection":[{"href":"https:\/\/www.egemtv.com\/index.php?rest_route=\/wp\/v2\/posts"}],"about":[{"href":"https:\/\/www.egemtv.com\/index.php?rest_route=\/wp\/v2\/types\/post"}],"author":[{"embeddable":true,"href":"https:\/\/www.egemtv.com\/index.php?rest_route=\/wp\/v2\/users\/1"}],"replies":[{"embeddable":true,"href":"https:\/\/www.egemtv.com\/index.php?rest_route=%2Fwp%2Fv2%2Fcomments&post=65223"}],"version-history":[{"count":1,"href":"https:\/\/www.egemtv.com\/index.php?rest_route=\/wp\/v2\/posts\/65223\/revisions"}],"predecessor-version":[{"id":65225,"href":"https:\/\/www.egemtv.com\/index.php?rest_route=\/wp\/v2\/posts\/65223\/revisions\/65225"}],"wp:featuredmedia":[{"embeddable":true,"href":"https:\/\/www.egemtv.com\/index.php?rest_route=\/wp\/v2\/media\/65224"}],"wp:attachment":[{"href":"https:\/\/www.egemtv.com\/index.php?rest_route=%2Fwp%2Fv2%2Fmedia&parent=65223"}],"wp:term":[{"taxonomy":"category","embeddable":true,"href":"https:\/\/www.egemtv.com\/index.php?rest_route=%2Fwp%2Fv2%2Fcategories&post=65223"},{"taxonomy":"post_tag","embeddable":true,"href":"https:\/\/www.egemtv.com\/index.php?rest_route=%2Fwp%2Fv2%2Ftags&post=65223"}],"curies":[{"name":"wp","href":"https:\/\/api.w.org\/{rel}","templated":true}]}}