{"id":65220,"date":"2025-11-01T16:15:59","date_gmt":"2025-11-01T13:15:59","guid":{"rendered":"https:\/\/www.egemtv.com\/?p=65220"},"modified":"2025-11-01T16:16:00","modified_gmt":"2025-11-01T13:16:00","slug":"kaymakam-kan-kestane-hasadina-katildi","status":"publish","type":"post","link":"https:\/\/www.egemtv.com\/?p=65220","title":{"rendered":"Kaymakam Kan, kestane hasad\u0131na kat\u0131ld\u0131"},"content":{"rendered":"<p>T\u00fcrkiye\u2019nin kestane \u00fcretiminde ilk s\u0131ralarda yer alan Ayd\u0131n\u2019\u0131n Nazilli il\u00e7esinde kestane hasad\u0131 yap\u0131ld\u0131. \u0130l\u00e7e Kaymakam\u0131 Huriye K\u00fcpeli Kan ba\u015fta olmak \u00fczere il\u00e7e protokol\u00fcn\u00fcn de kat\u0131ld\u0131\u011f\u0131 bin 300 rak\u0131ml\u0131 Ka\u015f\u0131k\u00e7\u0131lar Mahallesi\u2019nde d\u00fczenlenen hasat renkli g\u00f6r\u00fcnt\u00fclerle ger\u00e7ekle\u015ftirildi.<\/p>\n<p>Nazilli Kaymakaml\u0131\u011f\u0131 ve \u0130l\u00e7e Tar\u0131m ve Orman M\u00fcd\u00fcrl\u00fc\u011f\u00fc taraf\u0131ndan organize edilen etkinli\u011fe il\u00e7e protokol\u00fc, mahalle muhtarlar\u0131 ve mahalle halk\u0131 yo\u011fun ilgi g\u00f6sterdi. Ka\u015f\u0131k\u00e7\u0131lar Mahalle Muhtar\u0131 Muhammet \u00c7obano\u011flu ve mahalle halk\u0131n\u0131n ev sahipli\u011finde ger\u00e7ekle\u015ftirilen kestane hasad\u0131na Nazilli Kaymakam\u0131 Huriye K\u00fcpeli Kan, \u0130l\u00e7e Emniyet M\u00fcd\u00fcr\u00fc Erdal Esen, \u0130l\u00e7e Jandarma Komutan\u0131 Y\u00fczba\u015f\u0131 Ahmet Refik \u00d6zsoy, \u0130l\u00e7e Tar\u0131m ve Orman M\u00fcd\u00fcr\u00fc Sunay G\u00fcler, \u0130l\u00e7e Milli E\u011fitim M\u00fcd\u00fcr\u00fc \u0130smail \u015eim\u015fek, Nazilli Kaymakaml\u0131\u011f\u0131 Sosyal Yard\u0131mla\u015fma ve Dayan\u0131\u015fma Vakf\u0131 M\u00fcd\u00fcr\u00fc Ahmet \u00c7evik\u00e7elik, Nazilli Orman \u0130\u015fletme M\u00fcd\u00fcr\u00fc H\u00fcseyin Devrim Karasulu, \u00e7ok say\u0131da kurum personeli ile \u00c7atak Muhtar\u0131 Mehmet Bilici, Ku\u015f\u00e7ular Muhtar\u0131 Ramazan K\u00f6m\u00fcrc\u00fco\u011flu, Yukar\u0131 \u00d6rencik Muhtar\u0131 Hasan \u00d6zkaya, Apaklar Muhtar\u0131 Mehmet Apak, A\u015fa\u011f\u0131 \u00d6rencik Muhtar\u0131 M\u00fckremin Karakurt ve Hask\u00f6y Muhtar\u0131 Mehmet C\u0131rc\u0131r kat\u0131ld\u0131. Protokol \u00fcyeleri, \u00e7al\u0131\u015fanlarla \u00f6nce kahvalt\u0131 yapt\u0131 ard\u0131ndan da kestane hasad\u0131na destek verdi.<\/p>\n<p>Bin 300 rak\u0131mda zorlu hasat mesaisi<br \/>\n<br \/>Nazilli\u2019nin en y\u00fcksek rak\u0131ml\u0131 mahalleleri aras\u0131nda yer alan Ku\u015f\u00e7ular Mahallesi k\u0131rsal\u0131nda ger\u00e7ekle\u015ftirilen hasat \u00f6nce \u00e7\u0131rpma i\u015flemi ile ba\u015flad\u0131. Ard\u0131ndan a\u011fa\u00e7tan d\u00fc\u015f\u00fcr\u00fclen kestaneler kad\u0131n i\u015f\u00e7iler taraf\u0131ndan toplanarak \u00e7uvallara dolduruldu. Mahallenin gen\u00e7lerinin zorlu arazide ta\u015f\u0131yarak k\u00f6ye ula\u015ft\u0131rd\u0131\u011f\u0131 kestaneler \u00f6zel kuyulara al\u0131nd\u0131. \u00dczerleri \u00f6rt\u00fclen d\u0131\u015f\u0131nda dikenli kabuk bulunan kestanelerin 15 g\u00fcn s\u00fcre ile bekletilmelerinin ard\u0131ndan tekrardan kuyulardan \u00e7\u0131kart\u0131larak patoz yard\u0131m\u0131yla kabuklar\u0131ndan ayr\u0131l\u0131p sat\u0131\u015fa sunulaca\u011f\u0131 ifade edildi.<\/p>\n<p>Zorlu mesaiye il\u00e7e protokol\u00fcnden moral deste\u011fi<br \/>\n<br \/>Da\u011flar\u0131n zirvelerinde b\u00fcy\u00fck emeklerle ger\u00e7ekle\u015ftirilen kestane hasad\u0131n\u0131n zor ve me\u015fakkatli oldu\u011funu ifade eden Nazilli Kaymakam\u0131 Huriye K\u00fcpeli Kan: &#8220;Nazilli\u2019nin yakla\u015f\u0131k 20 mahallesinde kestane hasad\u0131 s\u00fcr\u00fcyor. Hasatta kad\u0131nlar\u0131m\u0131z\u0131n da b\u00fcy\u00fck eme\u011fi var. Neredeyse 10 asra dayanan ya\u015famlar\u0131 ile kestane a\u011fa\u00e7lar\u0131 bereketini halk\u0131m\u0131zla payla\u015fmaya devam ediyor. Bu da\u011flar\u0131m\u0131zda T\u00fcrkiye\u2019nin en \u00f6nemli \u00fcr\u00fcnleri aras\u0131nda yer alan incir ve zeytinin yan\u0131s\u0131ra kestanemiz de \u00f6nemli bir gelir kayna\u011f\u0131. Arazi yap\u0131s\u0131 nedeniyle zor ve me\u015fakkatli bir \u00e7al\u0131\u015fma yap\u0131l\u0131yor. Herkesin eme\u011fine sa\u011fl\u0131k diyorum&#8221; dedi.<\/p>\n<p>10 as\u0131rl\u0131k a\u011fa\u00e7larda hasat<br \/>\n<br \/>Kestane hasad\u0131nda \u00f6nemli rol \u00fcstlenen kad\u0131nlar da Kaymakam Kan\u2019a ve il\u00e7e protokol \u00fcyelerine desteklerinden dolay\u0131 te\u015fekk\u00fcr etti. Mahalle sakinlerinden Cemile Ka\u015f\u0131k\u00e7\u0131: &#8220;D\u00f6rt mevsim \u00e7al\u0131\u015fan ve \u00fcreten kad\u0131nlar olarak her zaman yak\u0131n deste\u011fini g\u00f6rd\u00fc\u011f\u00fcm\u00fcz hemcinsimiz kaymakam karde\u015fimize \u00e7ok te\u015fekk\u00fcr ediyoruz. Atalar\u0131m\u0131z\u0131n bin y\u0131ldan bu yana emek verdi\u011fi kestane a\u011fa\u00e7lar\u0131m\u0131z bu y\u0131lda bereketi ile ekonomimize can kat\u0131yor. Bak\u0131m\u0131 ve hasad\u0131 zor \u015fartlarda ger\u00e7ekle\u015ftirdi\u011fimiz kestanemizden elde etti\u011fimiz gelirle ge\u00e7imimizi sa\u011flamaya devam edece\u011fiz. Sezonumuzun bereketli ge\u00e7mesini diliyoruz&#8221; dedi.<br \/><\/p>\n","protected":false},"excerpt":{"rendered":"<p>T\u00fcrkiye\u2019nin kestane \u00fcretiminde ilk s\u0131ralarda yer alan Ayd\u0131n\u2019\u0131n Nazilli il\u00e7esinde kestane hasad\u0131 yap\u0131ld\u0131. \u0130l\u00e7e Kaymakam\u0131 Huriye K\u00fcpeli Kan ba\u015fta olmak \u00fczere il\u00e7e protokol\u00fcn\u00fcn de kat\u0131ld\u0131\u011f\u0131 bin 300 rak\u0131ml\u0131 Ka\u015f\u0131k\u00e7\u0131lar Mahallesi\u2019nde d\u00fczenlenen hasat renkli g\u00f6r\u00fcnt\u00fclerle ger\u00e7ekle\u015ftirildi. Nazilli Kaymakaml\u0131\u011f\u0131 ve \u0130l\u00e7e Tar\u0131m ve Orman M\u00fcd\u00fcrl\u00fc\u011f\u00fc taraf\u0131ndan organize edilen etkinli\u011fe il\u00e7e protokol\u00fc, mahalle muhtarlar\u0131 ve mahalle halk\u0131 yo\u011fun&#8230;<\/p>\n","protected":false},"author":1,"featured_media":65221,"comment_status":"open","ping_status":"open","sticky":false,"template":"","format":"standard","meta":{"_crdt_document":"","footnotes":""},"categories":[1],"tags":[],"class_list":["post-65220","post","type-post","status-publish","format-standard","has-post-thumbnail","hentry","category-guncel"],"_links":{"self":[{"href":"https:\/\/www.egemtv.com\/index.php?rest_route=\/wp\/v2\/posts\/65220","targetHints":{"allow":["GET"]}}],"collection":[{"href":"https:\/\/www.egemtv.com\/index.php?rest_route=\/wp\/v2\/posts"}],"about":[{"href":"https:\/\/www.egemtv.com\/index.php?rest_route=\/wp\/v2\/types\/post"}],"author":[{"embeddable":true,"href":"https:\/\/www.egemtv.com\/index.php?rest_route=\/wp\/v2\/users\/1"}],"replies":[{"embeddable":true,"href":"https:\/\/www.egemtv.com\/index.php?rest_route=%2Fwp%2Fv2%2Fcomments&post=65220"}],"version-history":[{"count":1,"href":"https:\/\/www.egemtv.com\/index.php?rest_route=\/wp\/v2\/posts\/65220\/revisions"}],"predecessor-version":[{"id":65222,"href":"https:\/\/www.egemtv.com\/index.php?rest_route=\/wp\/v2\/posts\/65220\/revisions\/65222"}],"wp:featuredmedia":[{"embeddable":true,"href":"https:\/\/www.egemtv.com\/index.php?rest_route=\/wp\/v2\/media\/65221"}],"wp:attachment":[{"href":"https:\/\/www.egemtv.com\/index.php?rest_route=%2Fwp%2Fv2%2Fmedia&parent=65220"}],"wp:term":[{"taxonomy":"category","embeddable":true,"href":"https:\/\/www.egemtv.com\/index.php?rest_route=%2Fwp%2Fv2%2Fcategories&post=65220"},{"taxonomy":"post_tag","embeddable":true,"href":"https:\/\/www.egemtv.com\/index.php?rest_route=%2Fwp%2Fv2%2Ftags&post=65220"}],"curies":[{"name":"wp","href":"https:\/\/api.w.org\/{rel}","templated":true}]}}