{"id":65217,"date":"2025-11-01T15:14:55","date_gmt":"2025-11-01T12:14:55","guid":{"rendered":"https:\/\/www.egemtv.com\/?p=65217"},"modified":"2025-11-01T15:14:56","modified_gmt":"2025-11-01T12:14:56","slug":"bakan-uraloglu-yeni-bir-eser-kazandirmanin-gururunu-yasiyoruz","status":"publish","type":"post","link":"https:\/\/www.egemtv.com\/?p=65217","title":{"rendered":"Bakan Uralo\u011flu: &#8220;Yeni bir eser kazand\u0131rman\u0131n gururunu ya\u015f\u0131yoruz&#8221;"},"content":{"rendered":"<p>Ula\u015ft\u0131rma ve Altyap\u0131 Bakan\u0131 Abd\u00fclkadir Uralo\u011flu, Burdur-Tefenni-\u00c7avd\u0131r yolu a\u00e7\u0131l\u0131\u015f\u0131na kat\u0131ld\u0131. Bakan Uralo\u011flu, &#8220;Burada 92 kilometrelik Burdur-Tefenni-\u00c7avd\u0131r Yolu ile tar\u0131m\u0131n, turizmin ve ticaretin kalbine giden yeni bir yolu a\u00e7\u0131yor; bu kadim topraklara, yeni bir eser kazand\u0131rman\u0131n gururunu ya\u015f\u0131yoruz&#8221; dedi.<br \/>\n<br \/>Ula\u015ft\u0131rma ve Altyap\u0131 Bakan\u0131 Abdulkadir Uralo\u011flu, Burdur\u2019da Burdur-Tefenni-\u00c7avd\u0131r Yolu\u2019nun a\u00e7\u0131l\u0131\u015f\u0131na kat\u0131ld\u0131. Bakan Uralo\u011flu, &#8220;Burdur, binlerce y\u0131ld\u0131r Anadolu\u2019nun kalbinde, medeniyetlere ev sahipli\u011fi yapm\u0131\u015f, k\u00fclt\u00fcrlerin harmanland\u0131\u011f\u0131 e\u015fsiz bir co\u011frafyada yer almaktad\u0131r. Burdur, tar\u0131m ve hayvanc\u0131l\u0131\u011f\u0131n merkezi, mermercili\u011fin ba\u015fkenti, Sagalassos ve Kibyra gibi antik kentleriyle tarih hazinesi, Salda G\u00f6l\u00fc ve \u0130nsuyu Ma\u011faras\u0131yla do\u011fa harikas\u0131 bir ilimiz. Milattan \u00f6nce 8 bin y\u0131l \u00f6ncesine dayanan tarihi Hac\u0131lar H\u00f6y\u00fc\u011f\u00fcn\u00fc ba\u011fr\u0131nda ta\u015f\u0131yan Burdur\u2019un her bir k\u00f6\u015fesi, bir tarih kitab\u0131d\u0131r ve Friglerden-Lidyal\u0131lara nice medeniyetin g\u00fcn\u00fcm\u00fcze ula\u015fan nefesidir. Bu nedenle Burdur\u2019un AK Parti H\u00fck\u00fcmetleri nezdinde \u00e7ok ayr\u0131 bir yeri var.  \u0130limizin tar\u0131m, turizm, sanayi ve ticaret faaliyetlerini geli\u015ftirmek i\u00e7in bir\u00e7ok projeyi hayata ge\u00e7irdik. Bug\u00fcn de burada 92 kilometrelik Burdur &#8211; Tefenni &#8211; \u00c7avd\u0131r Yolu ile tar\u0131m\u0131n, turizmin ve ticaretin kalbine giden yeni bir yolu a\u00e7\u0131yor; bu kadim topraklara, yeni bir eser kazand\u0131rman\u0131n gururunu ya\u015f\u0131yoruz&#8221; \u015feklinde konu\u015ftu.<\/p>\n<p>&#8220;\u00dclkemizin d\u00f6rt bir yan\u0131n\u0131 y\u00fcksek standartl\u0131 yollarla donat\u0131yoruz&#8221;<br \/>\n<br \/>Karayolunun, y\u00fck ve yolcu ta\u015f\u0131mac\u0131l\u0131\u011f\u0131nda sundu\u011fu esneklik, aktarmas\u0131z ula\u015f\u0131m imkan\u0131 ve y\u00fcklerin h\u0131zl\u0131 ta\u015f\u0131nmas\u0131 gibi avantajlarla, lojistik sistemin ana damar oldu\u011funu belirten Bakan Uralo\u011flu, &#8220;Bir kamyon dolusu bu\u011fday\u0131 pazara, bir otob\u00fcs turisti Salda\u2019ya, bir t\u0131r dolusu mermeri limana; aktarmas\u0131z ve h\u0131zl\u0131 olu\u015fuyla geciktirmeden ula\u015ft\u0131r\u0131r. Bu nedenle geli\u015fmi\u015f \u00fclkelerde oldu\u011fu gibi \u00fclkemizde de karayollar\u0131n\u0131, sanayi, tar\u0131m ve turizm faaliyetlerinin ekonomik b\u00fcy\u00fcmeye katk\u0131s\u0131n\u0131 art\u0131ran temel bir yap\u0131ta\u015f\u0131 olarak g\u00f6r\u00fcyoruz. Cumhurba\u015fkan\u0131m\u0131z\u0131n liderli\u011finde ge\u00e7en son 23 y\u0131ld\u0131r da karayolu altyap\u0131m\u0131za yapt\u0131\u011f\u0131m\u0131z yat\u0131r\u0131mlarla \u00fclkemizin d\u00f6rt bir yan\u0131n\u0131 y\u00fcksek standartl\u0131 yollarla donat\u0131yoruz. Zorlu co\u011frafyalarda, y\u00fcksek da\u011flar\u0131 ve derin vadileri a\u015farak, do\u011faya meydan okuyan k\u00f6pr\u00fc ve t\u00fcnellerle g\u00fcvenli ve konforlu ula\u015f\u0131m imk\u00e2n\u0131 tesis ettik. Bu yat\u0131r\u0131mlar\u0131m\u0131z, sanayi \u00fcretiminin h\u0131zlanmas\u0131n\u0131, tar\u0131m \u00fcr\u00fcnlerinin pazarlara daha h\u0131zl\u0131 ula\u015fmas\u0131n\u0131 ve turizm faaliyetlerinin artmas\u0131n\u0131 sa\u011fl\u0131yor&#8221; diye konu\u015ftu.<\/p>\n<p>&#8220;2002 y\u0131l\u0131nda 47 km olan b\u00f6l\u00fcnm\u00fc\u015f yol uzunlu\u011funu 280 km\u2019ye \u00e7\u0131kard\u0131k&#8221;<br \/>\n<br \/>Bakan Uralo\u011flu, &#8220;Burdur, Akdeniz, Ege ve \u0130\u00e7 Anadolu akslar\u0131n\u0131 birbirine ba\u011flayan ula\u015f\u0131m koridorlar\u0131yla hem b\u00f6lgesel ticarette hem de lojistik faaliyetlerde \u00f6nemli rol \u00fcstlenmektedir. 2002 y\u0131l\u0131nda 47 km olan b\u00f6l\u00fcnm\u00fc\u015f yol uzunlu\u011funu 280 km\u2019ye \u00e7\u0131kard\u0131k. Hi\u00e7 bit\u00fcml\u00fc s\u0131cak kar\u0131\u015f\u0131m kaplamal\u0131 yolu yoktu, 427 km BSK kaplamal\u0131 yol ile Burdurlular\u0131 yollarda g\u00fcven ve konforla tan\u0131\u015ft\u0131rd\u0131k. Burdur-Antalya Yolu, Hac\u0131lar-Ye\u015filova Yolu, Alt\u0131nyayla-G\u00f6lhisar Yolu, \u00c7avd\u0131r-G\u00f6lhisar Yolu, \u00c7eltik\u00e7i-A\u011flasun Yolu, Bucak Sanayi K\u00f6pr\u00fcl\u00fc Kav\u015faklar\u0131 gibi \u00f6nemli karayolu projelerini tamamlad\u0131k. Ta\u015fkap\u0131 &#8211; A\u011flasun Yolu, G\u00f6lhisar &#8211; \u00c7ameli Yolu, Isparta &#8211; Burdur (Dostluk Yolu), K\u0131z\u0131lkaya &#8211; Korkuteli Yolu, S\u00f6\u011f\u00fct &#8211; Seydikemer Yolu ve Bucak \u00c7evre Yolu gibi 8 ayr\u0131 karayolu projemizin \u00e7al\u0131\u015fmalar\u0131 da devam ediyor. Burdur\u2019da hayata ge\u00e7irdi\u011fimiz en \u00f6nemli projelerimizden biri de hi\u00e7 \u015f\u00fcphesiz a\u00e7\u0131l\u0131\u015f\u0131 i\u00e7in bir araya geldi\u011fimiz Burdur &#8211; Tefenni &#8211; \u00c7avd\u0131r Yolumuzdur. Ger\u00e7ekle\u015ftirdi\u011fimiz \u00e7al\u0131\u015fmalarla; mevcut haliyle sathi kaplamal\u0131 tek yol olarak trafi\u011fe hizmet veren 92 kilometrelik g\u00fczerg\u00e2h\u0131n tamam\u0131n\u0131, bit\u00fcml\u00fc s\u0131cak kar\u0131\u015f\u0131m kaplamal\u0131 b\u00f6l\u00fcnm\u00fc\u015f yol standard\u0131na y\u00fckselttik. Yol b\u00fcnyesinde ayr\u0131ca 61 metrelik Suludere K\u00f6pr\u00fcs\u00fc, 35 metrelik Badarmit K\u00f6pr\u00fcs\u00fc ve 123 metrelik Kara\u00e7al K\u00f6pr\u00fcs\u00fc\u2019n\u00fc de in\u015fa ettik. Ayr\u0131ca bu yolumuzla; \u0130\u00e7 Anadolu, Karadeniz ve Do\u011fu Anadolu \u00fczerinden \u00fclkemizin g\u00fcneybat\u0131s\u0131nda yer alan Antalya ve Mu\u011fla gibi \u00f6nemli turizm merkezlerine eri\u015fim sa\u011flayan g\u00fczergahtaki ula\u015f\u0131m standard\u0131n\u0131 da y\u00fckseltmi\u015f olduk. Bu yolu kullanan s\u00fcr\u00fcc\u00fc ve yolcular\u0131m\u0131za h\u0131zl\u0131, g\u00fcvenli ve konforlu seyahat imkan\u0131 sunduk. Proje ile ayr\u0131ca, Akdeniz ile i\u00e7 kesimler aras\u0131nda tar\u0131m ve hayvanc\u0131l\u0131\u011fa dayal\u0131 ticari faaliyetlerin daha ekonomik yap\u0131lmas\u0131n\u0131 sa\u011flayan \u00f6nemli bir ula\u015f\u0131m ve nakliye koridoru daha olu\u015fturduk&#8221; ifadelerini kulland\u0131.<br \/>\n<br \/>A\u00e7\u0131l\u0131\u015f t\u00f6renine, Bakan Uralo\u011flu\u2019nun yan\u0131 s\u0131ra Burdur Valisi T\u00fclay Baydar Bilgihan, milletvekilleri, kurum m\u00fcd\u00fcrleri ve vatanda\u015flar kat\u0131ld\u0131.<br \/><\/p>\n","protected":false},"excerpt":{"rendered":"<p>Ula\u015ft\u0131rma ve Altyap\u0131 Bakan\u0131 Abd\u00fclkadir Uralo\u011flu, Burdur-Tefenni-\u00c7avd\u0131r yolu a\u00e7\u0131l\u0131\u015f\u0131na kat\u0131ld\u0131. Bakan Uralo\u011flu, &#8220;Burada 92 kilometrelik Burdur-Tefenni-\u00c7avd\u0131r Yolu ile tar\u0131m\u0131n, turizmin ve ticaretin kalbine giden yeni bir yolu a\u00e7\u0131yor; bu kadim topraklara, yeni bir eser kazand\u0131rman\u0131n gururunu ya\u015f\u0131yoruz&#8221; dedi. Ula\u015ft\u0131rma ve Altyap\u0131 Bakan\u0131 Abdulkadir Uralo\u011flu, Burdur\u2019da Burdur-Tefenni-\u00c7avd\u0131r Yolu\u2019nun a\u00e7\u0131l\u0131\u015f\u0131na kat\u0131ld\u0131. Bakan Uralo\u011flu, &#8220;Burdur, binlerce y\u0131ld\u0131r Anadolu\u2019nun&#8230;<\/p>\n","protected":false},"author":1,"featured_media":65218,"comment_status":"open","ping_status":"open","sticky":false,"template":"","format":"standard","meta":{"_crdt_document":"","footnotes":""},"categories":[127],"tags":[],"class_list":["post-65217","post","type-post","status-publish","format-standard","has-post-thumbnail","hentry","category-siyaset"],"_links":{"self":[{"href":"https:\/\/www.egemtv.com\/index.php?rest_route=\/wp\/v2\/posts\/65217","targetHints":{"allow":["GET"]}}],"collection":[{"href":"https:\/\/www.egemtv.com\/index.php?rest_route=\/wp\/v2\/posts"}],"about":[{"href":"https:\/\/www.egemtv.com\/index.php?rest_route=\/wp\/v2\/types\/post"}],"author":[{"embeddable":true,"href":"https:\/\/www.egemtv.com\/index.php?rest_route=\/wp\/v2\/users\/1"}],"replies":[{"embeddable":true,"href":"https:\/\/www.egemtv.com\/index.php?rest_route=%2Fwp%2Fv2%2Fcomments&post=65217"}],"version-history":[{"count":1,"href":"https:\/\/www.egemtv.com\/index.php?rest_route=\/wp\/v2\/posts\/65217\/revisions"}],"predecessor-version":[{"id":65219,"href":"https:\/\/www.egemtv.com\/index.php?rest_route=\/wp\/v2\/posts\/65217\/revisions\/65219"}],"wp:featuredmedia":[{"embeddable":true,"href":"https:\/\/www.egemtv.com\/index.php?rest_route=\/wp\/v2\/media\/65218"}],"wp:attachment":[{"href":"https:\/\/www.egemtv.com\/index.php?rest_route=%2Fwp%2Fv2%2Fmedia&parent=65217"}],"wp:term":[{"taxonomy":"category","embeddable":true,"href":"https:\/\/www.egemtv.com\/index.php?rest_route=%2Fwp%2Fv2%2Fcategories&post=65217"},{"taxonomy":"post_tag","embeddable":true,"href":"https:\/\/www.egemtv.com\/index.php?rest_route=%2Fwp%2Fv2%2Ftags&post=65217"}],"curies":[{"name":"wp","href":"https:\/\/api.w.org\/{rel}","templated":true}]}}