{"id":65214,"date":"2025-11-01T14:54:54","date_gmt":"2025-11-01T11:54:54","guid":{"rendered":"https:\/\/www.egemtv.com\/?p=65214"},"modified":"2025-11-01T14:54:55","modified_gmt":"2025-11-01T11:54:55","slug":"salihliden-kizilaya-rekor-kan-bagisi","status":"publish","type":"post","link":"https:\/\/www.egemtv.com\/?p=65214","title":{"rendered":"Salihli\u2019den K\u0131z\u0131lay\u2019a rekor kan ba\u011f\u0131\u015f\u0131"},"content":{"rendered":"<p>T\u00fcrk K\u0131z\u0131lay Kan Ba\u011f\u0131\u015f Merkezi taraf\u0131ndan Salihli Kaymakaml\u0131\u011f\u0131 koordinesinde d\u00fczenlenen &#8220;Salihli Sana Kan\u0131m Feda&#8221; kampanyas\u0131 b\u00fcy\u00fck ilgi g\u00f6rd\u00fc.<br \/>\n<br \/>\u0130l\u00e7e genelinde olu\u015fturulan 15 farkl\u0131 kan alma noktas\u0131nda g\u00fcn boyu s\u00fcren ve gece ge\u00e7 saatlere kadar devam eden kampanyada 2 bin 413 \u00fcnite kan ba\u011f\u0131\u015f\u0131 toplanarak, T\u00fcrkiye genelinde il\u00e7e baz\u0131nda rekor ba\u011f\u0131\u015f yap\u0131ld\u0131. Salihlili vatanda\u015flar\u0131n yo\u011fun ilgisiyle ger\u00e7ekle\u015fen etkinlik, hem K\u0131z\u0131lay hem de il\u00e7e y\u00f6neticileri taraf\u0131ndan b\u00fcy\u00fck takdir toplad\u0131. Salihli Kaymakam\u0131 Ali G\u00fcldo\u011fan, kampanyaya destek veren herkese te\u015fekk\u00fcr ederek, &#8220;\u00c7a\u011fr\u0131lar\u0131m\u0131za g\u00f6n\u00fclden destek veren t\u00fcm vatanda\u015flar\u0131m\u0131za, \u00f6\u011frencilerimize, e\u011fitim camiam\u0131za, canla ba\u015fla \u00e7al\u0131\u015fan K\u0131z\u0131lay personeline ve eme\u011fi ge\u00e7en t\u00fcm g\u00f6n\u00fcll\u00fclere te\u015fekk\u00fcr ediyoruz. Bir damla kan, \u00fc\u00e7 fidan demektir&#8221; dedi.<br \/><\/p>\n","protected":false},"excerpt":{"rendered":"<p>T\u00fcrk K\u0131z\u0131lay Kan Ba\u011f\u0131\u015f Merkezi taraf\u0131ndan Salihli Kaymakaml\u0131\u011f\u0131 koordinesinde d\u00fczenlenen &#8220;Salihli Sana Kan\u0131m Feda&#8221; kampanyas\u0131 b\u00fcy\u00fck ilgi g\u00f6rd\u00fc. \u0130l\u00e7e genelinde olu\u015fturulan 15 farkl\u0131 kan alma noktas\u0131nda g\u00fcn boyu s\u00fcren ve gece ge\u00e7 saatlere kadar devam eden kampanyada 2 bin 413 \u00fcnite kan ba\u011f\u0131\u015f\u0131 toplanarak, T\u00fcrkiye genelinde il\u00e7e baz\u0131nda rekor ba\u011f\u0131\u015f yap\u0131ld\u0131. Salihlili vatanda\u015flar\u0131n yo\u011fun ilgisiyle&#8230;<\/p>\n","protected":false},"author":1,"featured_media":65215,"comment_status":"open","ping_status":"open","sticky":false,"template":"","format":"standard","meta":{"_crdt_document":"","footnotes":""},"categories":[2],"tags":[],"class_list":["post-65214","post","type-post","status-publish","format-standard","has-post-thumbnail","hentry","category-saglik"],"_links":{"self":[{"href":"https:\/\/www.egemtv.com\/index.php?rest_route=\/wp\/v2\/posts\/65214","targetHints":{"allow":["GET"]}}],"collection":[{"href":"https:\/\/www.egemtv.com\/index.php?rest_route=\/wp\/v2\/posts"}],"about":[{"href":"https:\/\/www.egemtv.com\/index.php?rest_route=\/wp\/v2\/types\/post"}],"author":[{"embeddable":true,"href":"https:\/\/www.egemtv.com\/index.php?rest_route=\/wp\/v2\/users\/1"}],"replies":[{"embeddable":true,"href":"https:\/\/www.egemtv.com\/index.php?rest_route=%2Fwp%2Fv2%2Fcomments&post=65214"}],"version-history":[{"count":1,"href":"https:\/\/www.egemtv.com\/index.php?rest_route=\/wp\/v2\/posts\/65214\/revisions"}],"predecessor-version":[{"id":65216,"href":"https:\/\/www.egemtv.com\/index.php?rest_route=\/wp\/v2\/posts\/65214\/revisions\/65216"}],"wp:featuredmedia":[{"embeddable":true,"href":"https:\/\/www.egemtv.com\/index.php?rest_route=\/wp\/v2\/media\/65215"}],"wp:attachment":[{"href":"https:\/\/www.egemtv.com\/index.php?rest_route=%2Fwp%2Fv2%2Fmedia&parent=65214"}],"wp:term":[{"taxonomy":"category","embeddable":true,"href":"https:\/\/www.egemtv.com\/index.php?rest_route=%2Fwp%2Fv2%2Fcategories&post=65214"},{"taxonomy":"post_tag","embeddable":true,"href":"https:\/\/www.egemtv.com\/index.php?rest_route=%2Fwp%2Fv2%2Ftags&post=65214"}],"curies":[{"name":"wp","href":"https:\/\/api.w.org\/{rel}","templated":true}]}}