{"id":65211,"date":"2025-11-01T14:36:16","date_gmt":"2025-11-01T11:36:16","guid":{"rendered":"https:\/\/www.egemtv.com\/?p=65211"},"modified":"2025-11-01T14:36:17","modified_gmt":"2025-11-01T11:36:17","slug":"kutahyali-unesconun-yasayan-insan-hazinesi-hamza-ustunkaya-son-yolculuguna-ugurlandi","status":"publish","type":"post","link":"https:\/\/www.egemtv.com\/?p=65211","title":{"rendered":"K\u00fctahyal\u0131 UNESCO\u2019nun &#8220;Ya\u015fayan \u0130nsan Hazinesi&#8221; Hamza \u00dcst\u00fcnkaya son yolculu\u011funa u\u011furland\u0131"},"content":{"rendered":"<p>D\u00fcn tedavi g\u00f6rd\u00fc\u011f\u00fc hastanede hayat\u0131n\u0131 kaybeden, K\u00fctahya\u2019n\u0131n d\u00fcnyaca tan\u0131nan \u00e7ini sanat\u00e7\u0131s\u0131 ve 2020 y\u0131l\u0131nda UNESCO taraf\u0131ndan &#8220;Ya\u015fayan \u0130nsan Hazinesi&#8221; unvan\u0131na lay\u0131k g\u00f6r\u00fclen Hamza \u00dcst\u00fcnkaya, son yolculu\u011funa u\u011furland\u0131.<br \/>\n<br \/>\u00dcst\u00fcnkaya i\u00e7in K\u00fctahya Ulu Camii\u2019nde \u00f6\u011fle namaz\u0131n\u0131 m\u00fcteakip cenaze namaz\u0131 k\u0131l\u0131nd\u0131. T\u00f6rene, AK Parti K\u00fctahya Milletvekili \u0130smail \u00c7a\u011flar Bay\u0131rc\u0131, K\u00fclt\u00fcr ve Turizm Bakanl\u0131\u011f\u0131 Ya\u015fayan Miras ve K\u00fclt\u00fcrel Etkinlikler Genel M\u00fcd\u00fcrl\u00fc\u011f\u00fc Ya\u015fayan Miras\u0131n Korunmas\u0131 Daire Ba\u015fkan\u0131 U\u011fur K\u0131l\u0131\u00e7, K\u00fctahya Vali Vekili S\u00fcleyman Oval\u0131, K\u00fctahya Belediye Ba\u015fkan\u0131 Ey\u00fcp Kahveci, Dumlup\u0131nar \u00dcniversitesi Rekt\u00f6r\u00fc Prof. Dr. S\u00fcleyman K\u0131z\u0131ltoprak, \u0130l K\u00fclt\u00fcr ve Turizm M\u00fcd\u00fcr\u00fc Zekeriya \u00dcnal, sanat\u00e7\u0131lar, yak\u0131nlar\u0131 ve \u00e7ok say\u0131da vatanda\u015f kat\u0131ld\u0131.<br \/>\n<br \/>Cenaze namaz\u0131 \u00f6ncesinde Ulu Cami \u0130mam Hatibi S\u00fcleyman Alt\u0131nta\u015f, cemaatten merhum i\u00e7in helallik ald\u0131.<br \/>\n<br \/>79 ya\u015f\u0131ndaki Hamza \u00dcst\u00fcnkaya, k\u0131l\u0131nan cenaze namaz\u0131n\u0131n ard\u0131ndan Sultanba\u011f\u0131 Mezarl\u0131\u011f\u0131\u2019nda topra\u011fa verildi.<br \/><\/p>\n","protected":false},"excerpt":{"rendered":"<p>D\u00fcn tedavi g\u00f6rd\u00fc\u011f\u00fc hastanede hayat\u0131n\u0131 kaybeden, K\u00fctahya\u2019n\u0131n d\u00fcnyaca tan\u0131nan \u00e7ini sanat\u00e7\u0131s\u0131 ve 2020 y\u0131l\u0131nda UNESCO taraf\u0131ndan &#8220;Ya\u015fayan \u0130nsan Hazinesi&#8221; unvan\u0131na lay\u0131k g\u00f6r\u00fclen Hamza \u00dcst\u00fcnkaya, son yolculu\u011funa u\u011furland\u0131. \u00dcst\u00fcnkaya i\u00e7in K\u00fctahya Ulu Camii\u2019nde \u00f6\u011fle namaz\u0131n\u0131 m\u00fcteakip cenaze namaz\u0131 k\u0131l\u0131nd\u0131. T\u00f6rene, AK Parti K\u00fctahya Milletvekili \u0130smail \u00c7a\u011flar Bay\u0131rc\u0131, K\u00fclt\u00fcr ve Turizm Bakanl\u0131\u011f\u0131 Ya\u015fayan Miras ve K\u00fclt\u00fcrel Etkinlikler&#8230;<\/p>\n","protected":false},"author":1,"featured_media":65212,"comment_status":"open","ping_status":"open","sticky":false,"template":"","format":"standard","meta":{"_crdt_document":"","footnotes":""},"categories":[123],"tags":[],"class_list":["post-65211","post","type-post","status-publish","format-standard","has-post-thumbnail","hentry","category-gundem"],"_links":{"self":[{"href":"https:\/\/www.egemtv.com\/index.php?rest_route=\/wp\/v2\/posts\/65211","targetHints":{"allow":["GET"]}}],"collection":[{"href":"https:\/\/www.egemtv.com\/index.php?rest_route=\/wp\/v2\/posts"}],"about":[{"href":"https:\/\/www.egemtv.com\/index.php?rest_route=\/wp\/v2\/types\/post"}],"author":[{"embeddable":true,"href":"https:\/\/www.egemtv.com\/index.php?rest_route=\/wp\/v2\/users\/1"}],"replies":[{"embeddable":true,"href":"https:\/\/www.egemtv.com\/index.php?rest_route=%2Fwp%2Fv2%2Fcomments&post=65211"}],"version-history":[{"count":1,"href":"https:\/\/www.egemtv.com\/index.php?rest_route=\/wp\/v2\/posts\/65211\/revisions"}],"predecessor-version":[{"id":65213,"href":"https:\/\/www.egemtv.com\/index.php?rest_route=\/wp\/v2\/posts\/65211\/revisions\/65213"}],"wp:featuredmedia":[{"embeddable":true,"href":"https:\/\/www.egemtv.com\/index.php?rest_route=\/wp\/v2\/media\/65212"}],"wp:attachment":[{"href":"https:\/\/www.egemtv.com\/index.php?rest_route=%2Fwp%2Fv2%2Fmedia&parent=65211"}],"wp:term":[{"taxonomy":"category","embeddable":true,"href":"https:\/\/www.egemtv.com\/index.php?rest_route=%2Fwp%2Fv2%2Fcategories&post=65211"},{"taxonomy":"post_tag","embeddable":true,"href":"https:\/\/www.egemtv.com\/index.php?rest_route=%2Fwp%2Fv2%2Ftags&post=65211"}],"curies":[{"name":"wp","href":"https:\/\/api.w.org\/{rel}","templated":true}]}}