{"id":65208,"date":"2025-11-01T13:54:48","date_gmt":"2025-11-01T10:54:48","guid":{"rendered":"https:\/\/www.egemtv.com\/?p=65208"},"modified":"2025-11-01T13:54:49","modified_gmt":"2025-11-01T10:54:49","slug":"motosiklet-surucusunun-agir-yaralandigi-kaza-guvenlik-kamerasinda","status":"publish","type":"post","link":"https:\/\/www.egemtv.com\/?p=65208","title":{"rendered":"Motosiklet s\u00fcr\u00fcc\u00fcs\u00fcn\u00fcn a\u011f\u0131r yaraland\u0131\u011f\u0131 kaza g\u00fcvenlik kameras\u0131nda"},"content":{"rendered":"<p>Afyonkarahisar\u2019da kontrolden \u00e7\u0131kan motosikletin \u00f6n\u00fcnde ilerleyen motosiklete \u00e7arpt\u0131ktan sonra park halindeki otomobile \u00e7arpt\u0131\u011f\u0131 anlar saniye saniye g\u00fcvenlik kameralar\u0131na yans\u0131d\u0131. Kazada motosikletin par\u00e7alanmas\u0131 ise olay\u0131n deh\u015fetini g\u00f6zler \u00f6n\u00fcne serdi.<br \/>\n<br \/>Olay, kent merkezinde meydana geldi. Edinilen bilgilere g\u00f6re, A.A.S., idaresindeki 03 AAN 857 plakal\u0131 motosiklet hen\u00fcz belirlenemeyen bir sebepten \u00f6t\u00fcr\u00fc kontrolden \u00e7\u0131kt\u0131. Motosiklet \u00f6nce \u00f6n\u00fcnde seyreden elektrikli bisiklete \u00e7arp\u0131p savrularak ard\u0131ndan yol kenar\u0131nda park halinde bulunan otomobile \u00e7arpt\u0131. \u00c7akman\u0131n \u015fiddeti ile motosiklet par\u00e7alan\u0131rken, olayda s\u00fcr\u00fcc\u00fc A.A.S. ise a\u011f\u0131r yaraland\u0131. Yaralanan s\u00fcr\u00fcc\u00fc \u00e7evredekilerin haber vermesi \u00fczerine olay yerine gelen sa\u011fl\u0131k ekipleri taraf\u0131ndan ambulans ve hastaneye kald\u0131r\u0131ld\u0131. \u015eahs\u0131n durumunun ciddiyetini korudu\u011fu bildirildi. Kazanl\u0131 \u00e7evredeki bir i\u015f yerinin g\u00fcvenlik kameras\u0131na yans\u0131yan g\u00f6r\u00fcnt\u00fclerinde ise motosikletin \u00e7ift \u015feritli yolda h\u0131zla gelerek \u00f6nce elektrikli bisiklete ard\u0131ndan otomobile \u00e7arpt\u0131\u011f\u0131 anlar yer al\u0131yor.<br \/>\n<br \/>Kazan\u0131n ard\u0131ndan savc\u0131l\u0131k taraf\u0131ndan soru\u015fturma ba\u015flat\u0131ld\u0131.<br \/><\/p>\n","protected":false},"excerpt":{"rendered":"<p>Afyonkarahisar\u2019da kontrolden \u00e7\u0131kan motosikletin \u00f6n\u00fcnde ilerleyen motosiklete \u00e7arpt\u0131ktan sonra park halindeki otomobile \u00e7arpt\u0131\u011f\u0131 anlar saniye saniye g\u00fcvenlik kameralar\u0131na yans\u0131d\u0131. Kazada motosikletin par\u00e7alanmas\u0131 ise olay\u0131n deh\u015fetini g\u00f6zler \u00f6n\u00fcne serdi. Olay, kent merkezinde meydana geldi. Edinilen bilgilere g\u00f6re, A.A.S., idaresindeki 03 AAN 857 plakal\u0131 motosiklet hen\u00fcz belirlenemeyen bir sebepten \u00f6t\u00fcr\u00fc kontrolden \u00e7\u0131kt\u0131. Motosiklet \u00f6nce \u00f6n\u00fcnde seyreden elektrikli&#8230;<\/p>\n","protected":false},"author":1,"featured_media":65209,"comment_status":"open","ping_status":"open","sticky":false,"template":"","format":"standard","meta":{"_crdt_document":"","footnotes":""},"categories":[5],"tags":[],"class_list":["post-65208","post","type-post","status-publish","format-standard","has-post-thumbnail","hentry","category-asayis"],"_links":{"self":[{"href":"https:\/\/www.egemtv.com\/index.php?rest_route=\/wp\/v2\/posts\/65208","targetHints":{"allow":["GET"]}}],"collection":[{"href":"https:\/\/www.egemtv.com\/index.php?rest_route=\/wp\/v2\/posts"}],"about":[{"href":"https:\/\/www.egemtv.com\/index.php?rest_route=\/wp\/v2\/types\/post"}],"author":[{"embeddable":true,"href":"https:\/\/www.egemtv.com\/index.php?rest_route=\/wp\/v2\/users\/1"}],"replies":[{"embeddable":true,"href":"https:\/\/www.egemtv.com\/index.php?rest_route=%2Fwp%2Fv2%2Fcomments&post=65208"}],"version-history":[{"count":1,"href":"https:\/\/www.egemtv.com\/index.php?rest_route=\/wp\/v2\/posts\/65208\/revisions"}],"predecessor-version":[{"id":65210,"href":"https:\/\/www.egemtv.com\/index.php?rest_route=\/wp\/v2\/posts\/65208\/revisions\/65210"}],"wp:featuredmedia":[{"embeddable":true,"href":"https:\/\/www.egemtv.com\/index.php?rest_route=\/wp\/v2\/media\/65209"}],"wp:attachment":[{"href":"https:\/\/www.egemtv.com\/index.php?rest_route=%2Fwp%2Fv2%2Fmedia&parent=65208"}],"wp:term":[{"taxonomy":"category","embeddable":true,"href":"https:\/\/www.egemtv.com\/index.php?rest_route=%2Fwp%2Fv2%2Fcategories&post=65208"},{"taxonomy":"post_tag","embeddable":true,"href":"https:\/\/www.egemtv.com\/index.php?rest_route=%2Fwp%2Fv2%2Ftags&post=65208"}],"curies":[{"name":"wp","href":"https:\/\/api.w.org\/{rel}","templated":true}]}}