{"id":65205,"date":"2025-11-01T13:14:53","date_gmt":"2025-11-01T10:14:53","guid":{"rendered":"https:\/\/www.egemtv.com\/?p=65205"},"modified":"2025-11-01T13:14:53","modified_gmt":"2025-11-01T10:14:53","slug":"kutahyada-2-yil-once-kaybolan-80-yasindaki-selim-ece-yeniden-araniyor","status":"publish","type":"post","link":"https:\/\/www.egemtv.com\/?p=65205","title":{"rendered":"K\u00fctahya\u2019da 2 y\u0131l \u00f6nce kaybolan 80 ya\u015f\u0131ndaki Selim Ece yeniden aran\u0131yor"},"content":{"rendered":"<p>K\u00fctahya\u2019n\u0131n Domani\u00e7 il\u00e7esine ba\u011fl\u0131 \u00c7ukurca Beldesi\u2019nde iki y\u0131l \u00f6nce kaybolan 80 ya\u015f\u0131ndaki zihinsel engelli Selim Ece i\u00e7in yeniden arama \u00e7al\u0131\u015fmas\u0131 ba\u015flat\u0131ld\u0131.<br \/>\n<br \/>4 Ekim 2023 tarihinde Domani\u00e7\u2019in Erikli k\u00f6y\u00fc yak\u0131nlar\u0131ndaki ormanl\u0131k alanda g\u00f6r\u00fclen Ece, haftalar s\u00fcren arama \u00e7al\u0131\u015fmalar\u0131na ra\u011fmen bulunamam\u0131\u015ft\u0131. Aradan ge\u00e7en iki y\u0131l\u0131n ard\u0131ndan, Ece\u2019nin kayboldu\u011fu b\u00f6lgede yeniden geni\u015f \u00e7apl\u0131 arama \u00e7al\u0131\u015fmas\u0131 ba\u015flat\u0131ld\u0131.<br \/>\n<br \/>K\u00fctahya \u0130l Jandarma Komutanl\u0131\u011f\u0131na ba\u011fl\u0131 Jandarma Asayi\u015f Komando B\u00f6l\u00fck Komutanl\u0131\u011f\u0131, JASAT Timi, K\u00f6pek Timi, \u0130stihbarat Ekipleri, Domani\u00e7 \u0130l\u00e7e Jandarma Komutanl\u0131\u011f\u0131 Asayi\u015f Timleri ve AFAD ekipleri, Erikli K\u00f6y\u00fc Akkaya ve Karaburun mahalleleri aras\u0131nda arama faaliyeti y\u00fcr\u00fctt\u00fc.<br \/>\n<br \/>Ekipler, iki g\u00fcn boyunca dron destekli havadan tarama yaparken, ormanl\u0131k alan\u0131 da kar\u0131\u015f kar\u0131\u015f arad\u0131.<br \/>\n<br \/>Selim Ece\u2019nin ye\u011feni Ahmet Tun\u00e7 da arama \u00e7al\u0131\u015fmalar\u0131na kat\u0131larak ekiplerle birlikte b\u00f6lgeyi tarad\u0131. Tun\u00e7, yapt\u0131\u011f\u0131 a\u00e7\u0131klamada, &#8220;Yakla\u015f\u0131k iki y\u0131l \u00f6nce bu mevkilerde day\u0131m kayboldu. O d\u00f6nemde de milletimiz ve devletimizle birlikte aramalar yapm\u0131\u015ft\u0131k. \u015eimdi yine devletimiz, jandarmam\u0131z, AFAD\u2019\u0131m\u0131z, komutanlar\u0131m\u0131z sa\u011f olsunlar arama \u00e7al\u0131\u015fmas\u0131 ba\u015flatt\u0131. Day\u0131m\u0131n dirisini ya da \u00f6l\u00fcs\u00fcn\u00fc istiyorum&#8221; dedi.<br \/>\n<br \/>Yetkililer, \u00e7al\u0131\u015fmalar\u0131n b\u00f6lgede bir s\u00fcre daha devam edece\u011fini bildirdi.<br \/><\/p>\n","protected":false},"excerpt":{"rendered":"<p>K\u00fctahya\u2019n\u0131n Domani\u00e7 il\u00e7esine ba\u011fl\u0131 \u00c7ukurca Beldesi\u2019nde iki y\u0131l \u00f6nce kaybolan 80 ya\u015f\u0131ndaki zihinsel engelli Selim Ece i\u00e7in yeniden arama \u00e7al\u0131\u015fmas\u0131 ba\u015flat\u0131ld\u0131. 4 Ekim 2023 tarihinde Domani\u00e7\u2019in Erikli k\u00f6y\u00fc yak\u0131nlar\u0131ndaki ormanl\u0131k alanda g\u00f6r\u00fclen Ece, haftalar s\u00fcren arama \u00e7al\u0131\u015fmalar\u0131na ra\u011fmen bulunamam\u0131\u015ft\u0131. Aradan ge\u00e7en iki y\u0131l\u0131n ard\u0131ndan, Ece\u2019nin kayboldu\u011fu b\u00f6lgede yeniden geni\u015f \u00e7apl\u0131 arama \u00e7al\u0131\u015fmas\u0131 ba\u015flat\u0131ld\u0131. K\u00fctahya \u0130l&#8230;<\/p>\n","protected":false},"author":1,"featured_media":65206,"comment_status":"open","ping_status":"open","sticky":false,"template":"","format":"standard","meta":{"_crdt_document":"","footnotes":""},"categories":[5],"tags":[],"class_list":["post-65205","post","type-post","status-publish","format-standard","has-post-thumbnail","hentry","category-asayis"],"_links":{"self":[{"href":"https:\/\/www.egemtv.com\/index.php?rest_route=\/wp\/v2\/posts\/65205","targetHints":{"allow":["GET"]}}],"collection":[{"href":"https:\/\/www.egemtv.com\/index.php?rest_route=\/wp\/v2\/posts"}],"about":[{"href":"https:\/\/www.egemtv.com\/index.php?rest_route=\/wp\/v2\/types\/post"}],"author":[{"embeddable":true,"href":"https:\/\/www.egemtv.com\/index.php?rest_route=\/wp\/v2\/users\/1"}],"replies":[{"embeddable":true,"href":"https:\/\/www.egemtv.com\/index.php?rest_route=%2Fwp%2Fv2%2Fcomments&post=65205"}],"version-history":[{"count":1,"href":"https:\/\/www.egemtv.com\/index.php?rest_route=\/wp\/v2\/posts\/65205\/revisions"}],"predecessor-version":[{"id":65207,"href":"https:\/\/www.egemtv.com\/index.php?rest_route=\/wp\/v2\/posts\/65205\/revisions\/65207"}],"wp:featuredmedia":[{"embeddable":true,"href":"https:\/\/www.egemtv.com\/index.php?rest_route=\/wp\/v2\/media\/65206"}],"wp:attachment":[{"href":"https:\/\/www.egemtv.com\/index.php?rest_route=%2Fwp%2Fv2%2Fmedia&parent=65205"}],"wp:term":[{"taxonomy":"category","embeddable":true,"href":"https:\/\/www.egemtv.com\/index.php?rest_route=%2Fwp%2Fv2%2Fcategories&post=65205"},{"taxonomy":"post_tag","embeddable":true,"href":"https:\/\/www.egemtv.com\/index.php?rest_route=%2Fwp%2Fv2%2Ftags&post=65205"}],"curies":[{"name":"wp","href":"https:\/\/api.w.org\/{rel}","templated":true}]}}