{"id":65193,"date":"2025-11-01T12:14:50","date_gmt":"2025-11-01T09:14:50","guid":{"rendered":"https:\/\/www.egemtv.com\/?p=65193"},"modified":"2025-11-01T12:14:51","modified_gmt":"2025-11-01T09:14:51","slug":"emet-myoda-emet-kultur-spor-ve-bilim-toplulugu-kuruldu","status":"publish","type":"post","link":"https:\/\/www.egemtv.com\/?p=65193","title":{"rendered":"Emet MYO\u2019da &#8220;Emet K\u00fclt\u00fcr, Spor ve Bilim Toplulu\u011fu&#8221; kuruldu"},"content":{"rendered":"<p>K\u00fctahya Dumlup\u0131nar \u00dcniversitesi Emet Meslek Y\u00fcksekokulu\u2019nda &#8220;Emet K\u00fclt\u00fcr, Spor ve Bilim Toplulu\u011fu&#8221; kuruldu\u011fu bildirildi.<br \/>\n<br \/>2025-2026 e\u011fitim ve \u00f6\u011fretim y\u0131l\u0131nda \u00f6\u011frencilerin sosyal, k\u00fclt\u00fcrel ve bilimsel faaliyetlerde aktif rol almalar\u0131n\u0131 sa\u011flamak amac\u0131yla kurulan topluluk, k\u00fclt\u00fcrel etkinlikler, spor faaliyetleri ve bilimsel \u00e7al\u0131\u015fmalarla \u00f6\u011frencilerin ki\u015fisel geli\u015fimine katk\u0131 sunmay\u0131 hedefliyor.<br \/><\/p>\n","protected":false},"excerpt":{"rendered":"<p>K\u00fctahya Dumlup\u0131nar \u00dcniversitesi Emet Meslek Y\u00fcksekokulu\u2019nda &#8220;Emet K\u00fclt\u00fcr, Spor ve Bilim Toplulu\u011fu&#8221; kuruldu\u011fu bildirildi. 2025-2026 e\u011fitim ve \u00f6\u011fretim y\u0131l\u0131nda \u00f6\u011frencilerin sosyal, k\u00fclt\u00fcrel ve bilimsel faaliyetlerde aktif rol almalar\u0131n\u0131 sa\u011flamak amac\u0131yla kurulan topluluk, k\u00fclt\u00fcrel etkinlikler, spor faaliyetleri ve bilimsel \u00e7al\u0131\u015fmalarla \u00f6\u011frencilerin ki\u015fisel geli\u015fimine katk\u0131 sunmay\u0131 hedefliyor.<\/p>\n","protected":false},"author":1,"featured_media":65194,"comment_status":"open","ping_status":"open","sticky":false,"template":"","format":"standard","meta":{"_crdt_document":"","footnotes":""},"categories":[1],"tags":[],"class_list":["post-65193","post","type-post","status-publish","format-standard","has-post-thumbnail","hentry","category-guncel"],"_links":{"self":[{"href":"https:\/\/www.egemtv.com\/index.php?rest_route=\/wp\/v2\/posts\/65193","targetHints":{"allow":["GET"]}}],"collection":[{"href":"https:\/\/www.egemtv.com\/index.php?rest_route=\/wp\/v2\/posts"}],"about":[{"href":"https:\/\/www.egemtv.com\/index.php?rest_route=\/wp\/v2\/types\/post"}],"author":[{"embeddable":true,"href":"https:\/\/www.egemtv.com\/index.php?rest_route=\/wp\/v2\/users\/1"}],"replies":[{"embeddable":true,"href":"https:\/\/www.egemtv.com\/index.php?rest_route=%2Fwp%2Fv2%2Fcomments&post=65193"}],"version-history":[{"count":1,"href":"https:\/\/www.egemtv.com\/index.php?rest_route=\/wp\/v2\/posts\/65193\/revisions"}],"predecessor-version":[{"id":65195,"href":"https:\/\/www.egemtv.com\/index.php?rest_route=\/wp\/v2\/posts\/65193\/revisions\/65195"}],"wp:featuredmedia":[{"embeddable":true,"href":"https:\/\/www.egemtv.com\/index.php?rest_route=\/wp\/v2\/media\/65194"}],"wp:attachment":[{"href":"https:\/\/www.egemtv.com\/index.php?rest_route=%2Fwp%2Fv2%2Fmedia&parent=65193"}],"wp:term":[{"taxonomy":"category","embeddable":true,"href":"https:\/\/www.egemtv.com\/index.php?rest_route=%2Fwp%2Fv2%2Fcategories&post=65193"},{"taxonomy":"post_tag","embeddable":true,"href":"https:\/\/www.egemtv.com\/index.php?rest_route=%2Fwp%2Fv2%2Ftags&post=65193"}],"curies":[{"name":"wp","href":"https:\/\/api.w.org\/{rel}","templated":true}]}}