{"id":65190,"date":"2025-11-01T12:14:49","date_gmt":"2025-11-01T09:14:49","guid":{"rendered":"https:\/\/www.egemtv.com\/?p=65190"},"modified":"2025-11-01T12:14:50","modified_gmt":"2025-11-01T09:14:50","slug":"sakar-rampasinda-arac-yangini","status":"publish","type":"post","link":"https:\/\/www.egemtv.com\/?p=65190","title":{"rendered":"Sakar rampas\u0131nda ara\u00e7 yang\u0131n\u0131"},"content":{"rendered":"<p>G\u00f6kova Sakartepe rampas\u0131nda seyir halindeki bir kamyon \u00e7\u0131k\u0131\u015f nedeni tespit edilemeyen sebepten dolay\u0131 yanmaya ba\u015flad\u0131.<br \/>\n<br \/>Sakar rampas\u0131 ini\u015f istikametinde seyir halinde olan ve Mu\u011fla B\u00fcy\u00fck\u015fehir Belediyesi MUSK\u0130 Genel M\u00fcd\u00fcrl\u00fc\u011f\u00fcne ait oldu\u011fu \u00f6\u011frenilen damperli kamyonun motor b\u00f6l\u00fcm\u00fcnden alevler y\u00fckselmeye ba\u015flad\u0131. S\u00fcr\u00fcc\u00fc arac\u0131n\u0131 terk ederek 112 Acil \u00c7a\u011fr\u0131 Merkezine bilgi verdi.<br \/>\n<br \/>Olay yerine B\u00fcy\u00fck\u015fehir \u0130tfaiye, polis, jandarma ve 112 ambulans ekipleri sevk edildi. Kamyonun alev alev yanmas\u0131 sonras\u0131 yol ula\u015f\u0131ma kapand\u0131. \u0130tfaiye ekipleri yanan araca m\u00fcdahale etti. K\u0131sa s\u00fcreli ula\u015f\u0131ma kapanan yol trafik ekiplerinin g\u00fcvenlik \u00f6nlemi almas\u0131n\u0131n ard\u0131ndan tekrar ula\u015f\u0131ma a\u00e7\u0131ld\u0131.<br \/><\/p>\n","protected":false},"excerpt":{"rendered":"<p>G\u00f6kova Sakartepe rampas\u0131nda seyir halindeki bir kamyon \u00e7\u0131k\u0131\u015f nedeni tespit edilemeyen sebepten dolay\u0131 yanmaya ba\u015flad\u0131. Sakar rampas\u0131 ini\u015f istikametinde seyir halinde olan ve Mu\u011fla B\u00fcy\u00fck\u015fehir Belediyesi MUSK\u0130 Genel M\u00fcd\u00fcrl\u00fc\u011f\u00fcne ait oldu\u011fu \u00f6\u011frenilen damperli kamyonun motor b\u00f6l\u00fcm\u00fcnden alevler y\u00fckselmeye ba\u015flad\u0131. S\u00fcr\u00fcc\u00fc arac\u0131n\u0131 terk ederek 112 Acil \u00c7a\u011fr\u0131 Merkezine bilgi verdi. Olay yerine B\u00fcy\u00fck\u015fehir \u0130tfaiye, polis, jandarma&#8230;<\/p>\n","protected":false},"author":1,"featured_media":65191,"comment_status":"open","ping_status":"open","sticky":false,"template":"","format":"standard","meta":{"_crdt_document":"","footnotes":""},"categories":[5],"tags":[],"class_list":["post-65190","post","type-post","status-publish","format-standard","has-post-thumbnail","hentry","category-asayis"],"_links":{"self":[{"href":"https:\/\/www.egemtv.com\/index.php?rest_route=\/wp\/v2\/posts\/65190","targetHints":{"allow":["GET"]}}],"collection":[{"href":"https:\/\/www.egemtv.com\/index.php?rest_route=\/wp\/v2\/posts"}],"about":[{"href":"https:\/\/www.egemtv.com\/index.php?rest_route=\/wp\/v2\/types\/post"}],"author":[{"embeddable":true,"href":"https:\/\/www.egemtv.com\/index.php?rest_route=\/wp\/v2\/users\/1"}],"replies":[{"embeddable":true,"href":"https:\/\/www.egemtv.com\/index.php?rest_route=%2Fwp%2Fv2%2Fcomments&post=65190"}],"version-history":[{"count":1,"href":"https:\/\/www.egemtv.com\/index.php?rest_route=\/wp\/v2\/posts\/65190\/revisions"}],"predecessor-version":[{"id":65192,"href":"https:\/\/www.egemtv.com\/index.php?rest_route=\/wp\/v2\/posts\/65190\/revisions\/65192"}],"wp:featuredmedia":[{"embeddable":true,"href":"https:\/\/www.egemtv.com\/index.php?rest_route=\/wp\/v2\/media\/65191"}],"wp:attachment":[{"href":"https:\/\/www.egemtv.com\/index.php?rest_route=%2Fwp%2Fv2%2Fmedia&parent=65190"}],"wp:term":[{"taxonomy":"category","embeddable":true,"href":"https:\/\/www.egemtv.com\/index.php?rest_route=%2Fwp%2Fv2%2Fcategories&post=65190"},{"taxonomy":"post_tag","embeddable":true,"href":"https:\/\/www.egemtv.com\/index.php?rest_route=%2Fwp%2Fv2%2Ftags&post=65190"}],"curies":[{"name":"wp","href":"https:\/\/api.w.org\/{rel}","templated":true}]}}