{"id":65184,"date":"2025-11-01T11:54:44","date_gmt":"2025-11-01T08:54:44","guid":{"rendered":"https:\/\/www.egemtv.com\/?p=65184"},"modified":"2025-11-01T11:54:45","modified_gmt":"2025-11-01T08:54:45","slug":"nazillide-ameliyathane-hemsireleri-sertifikalarini-aldi","status":"publish","type":"post","link":"https:\/\/www.egemtv.com\/?p=65184","title":{"rendered":"Nazilli\u2019de ameliyathane hem\u015fireleri sertifikalar\u0131n\u0131 ald\u0131"},"content":{"rendered":"<p>Nazilli Devlet Hastanesi\u2019nde d\u00fczenlenen 12. D\u00f6nem Ameliyathane Hem\u015fireli\u011fi Sertifika Program\u0131, hem\u015firelerin mesleki geli\u015fimine katk\u0131 sa\u011flayan teorik ve uygulamal\u0131 e\u011fitimlerle tamamland\u0131.<br \/>\n<br \/>Nazilli Devlet Hastanesi taraf\u0131ndan d\u00fczenlenen 12. D\u00f6nem Ameliyathane Hem\u015fireli\u011fi Sertifika Program\u0131 ba\u015far\u0131yla tamamland\u0131. Program\u0131 ba\u015far\u0131yla bitiren kat\u0131l\u0131mc\u0131lara, hastane y\u00f6netiminin de kat\u0131l\u0131m\u0131yla d\u00fczenlenen t\u00f6renle ba\u015far\u0131 belgeleri takdim edildi. Ameliyathane hem\u015fireli\u011fi alan\u0131nda g\u00f6rev yapan hem\u015firelerin bilgi, beceri ve donan\u0131m\u0131n\u0131 geli\u015ftirmeyi hedefleyen e\u011fitim s\u00fcrecinde, teorik bilgilerin yan\u0131 s\u0131ra uygulamal\u0131 e\u011fitimler de verildi. Nazilli Devlet Hastanesi y\u00f6netimi, program\u0131 ba\u015far\u0131yla tamamlayan t\u00fcm kat\u0131l\u0131mc\u0131lar\u0131 tebrik ederek meslek ya\u015famlar\u0131nda ba\u015far\u0131lar diledi.<br \/>\n<br \/>Konu ile ilgili Nazilli Devlet Hastanesi\u2019nden yap\u0131lan a\u00e7\u0131klamada &#8220;Hastanemizde 12. D\u00f6nem Ameliyathane Hem\u015fireli\u011fi Sertifika Program\u0131 ba\u015far\u0131yla tamamland\u0131. Program\u0131 ba\u015far\u0131yla tamamlayan kat\u0131l\u0131mc\u0131lar\u0131m\u0131z, hastane y\u00f6netimimizin de kat\u0131l\u0131m\u0131yla ger\u00e7ekle\u015ftirilen t\u00f6renle ba\u015far\u0131 belgelerini teslim ald\u0131. E\u011fitim program\u0131m\u0131za kat\u0131lan t\u00fcm kat\u0131l\u0131mc\u0131lar\u0131 tebrik ediyor, meslek hayatlar\u0131nda ba\u015far\u0131lar diliyoruz&#8221; ifadeleri yer ald\u0131.<br \/><\/p>\n","protected":false},"excerpt":{"rendered":"<p>Nazilli Devlet Hastanesi\u2019nde d\u00fczenlenen 12. D\u00f6nem Ameliyathane Hem\u015fireli\u011fi Sertifika Program\u0131, hem\u015firelerin mesleki geli\u015fimine katk\u0131 sa\u011flayan teorik ve uygulamal\u0131 e\u011fitimlerle tamamland\u0131. Nazilli Devlet Hastanesi taraf\u0131ndan d\u00fczenlenen 12. D\u00f6nem Ameliyathane Hem\u015fireli\u011fi Sertifika Program\u0131 ba\u015far\u0131yla tamamland\u0131. Program\u0131 ba\u015far\u0131yla bitiren kat\u0131l\u0131mc\u0131lara, hastane y\u00f6netiminin de kat\u0131l\u0131m\u0131yla d\u00fczenlenen t\u00f6renle ba\u015far\u0131 belgeleri takdim edildi. Ameliyathane hem\u015fireli\u011fi alan\u0131nda g\u00f6rev yapan hem\u015firelerin bilgi, beceri&#8230;<\/p>\n","protected":false},"author":1,"featured_media":65185,"comment_status":"open","ping_status":"open","sticky":false,"template":"","format":"standard","meta":{"_crdt_document":"","footnotes":""},"categories":[2],"tags":[],"class_list":["post-65184","post","type-post","status-publish","format-standard","has-post-thumbnail","hentry","category-saglik"],"_links":{"self":[{"href":"https:\/\/www.egemtv.com\/index.php?rest_route=\/wp\/v2\/posts\/65184","targetHints":{"allow":["GET"]}}],"collection":[{"href":"https:\/\/www.egemtv.com\/index.php?rest_route=\/wp\/v2\/posts"}],"about":[{"href":"https:\/\/www.egemtv.com\/index.php?rest_route=\/wp\/v2\/types\/post"}],"author":[{"embeddable":true,"href":"https:\/\/www.egemtv.com\/index.php?rest_route=\/wp\/v2\/users\/1"}],"replies":[{"embeddable":true,"href":"https:\/\/www.egemtv.com\/index.php?rest_route=%2Fwp%2Fv2%2Fcomments&post=65184"}],"version-history":[{"count":1,"href":"https:\/\/www.egemtv.com\/index.php?rest_route=\/wp\/v2\/posts\/65184\/revisions"}],"predecessor-version":[{"id":65186,"href":"https:\/\/www.egemtv.com\/index.php?rest_route=\/wp\/v2\/posts\/65184\/revisions\/65186"}],"wp:featuredmedia":[{"embeddable":true,"href":"https:\/\/www.egemtv.com\/index.php?rest_route=\/wp\/v2\/media\/65185"}],"wp:attachment":[{"href":"https:\/\/www.egemtv.com\/index.php?rest_route=%2Fwp%2Fv2%2Fmedia&parent=65184"}],"wp:term":[{"taxonomy":"category","embeddable":true,"href":"https:\/\/www.egemtv.com\/index.php?rest_route=%2Fwp%2Fv2%2Fcategories&post=65184"},{"taxonomy":"post_tag","embeddable":true,"href":"https:\/\/www.egemtv.com\/index.php?rest_route=%2Fwp%2Fv2%2Ftags&post=65184"}],"curies":[{"name":"wp","href":"https:\/\/api.w.org\/{rel}","templated":true}]}}