{"id":65181,"date":"2025-11-01T11:54:43","date_gmt":"2025-11-01T08:54:43","guid":{"rendered":"https:\/\/www.egemtv.com\/?p=65181"},"modified":"2025-11-01T11:54:44","modified_gmt":"2025-11-01T08:54:44","slug":"salihli-egitimde-yeni-donem-egitime-destek-projesi-tanitildi","status":"publish","type":"post","link":"https:\/\/www.egemtv.com\/?p=65181","title":{"rendered":"Salihli e\u011fitimde yeni d\u00f6nem! \u2018E\u011fitime Destek Projesi\u2019 tan\u0131t\u0131ld\u0131"},"content":{"rendered":"<p>Manisa\u2019n\u0131n Salihli Kaymakaml\u0131\u011f\u0131 taraf\u0131ndan haz\u0131rlanan &#8220;Salihli E\u011fitime Destek Projesi&#8221; ile e\u011fitim kalitesini art\u0131rmay\u0131 ve \u00f6\u011frencilerin bireysel yetkinliklerini geli\u015ftirmeyi hedefleniyor.<br \/>\n<br \/>Manisa\u2019n\u0131n Salihli il\u00e7e Kaymakaml\u0131\u011f\u0131 \u00f6nc\u00fcl\u00fc\u011f\u00fcnde haz\u0131rlanan &#8220;Salihli E\u011fitime Destek Projesi&#8221;nin tan\u0131t\u0131m toplant\u0131s\u0131, Kaymakam Ali G\u00fcldo\u011fan ba\u015fkanl\u0131\u011f\u0131nda ger\u00e7ekle\u015ftirildi. \u0130l\u00e7edeki e\u011fitim kalitesini art\u0131rmay\u0131 ve \u00f6\u011frencilerin bireysel yetkinliklerini geli\u015ftirmeyi hedefleyen proje, \u00f6nemli yenilikler sunacak.<br \/>\n<br \/>Salihli \u00d6\u011fretmen Evi\u2019nde d\u00fczenlenen toplant\u0131ya Kaymakam Ali G\u00fcldo\u011fan, \u0130l\u00e7e Milli E\u011fitim M\u00fcd\u00fcr\u00fc Mahmut Yenen, \u0130l\u00e7e Jandarma Komutan\u0131 Binba\u015f\u0131 Do\u011fukan Karaaslan, \u0130l\u00e7e Emniyet M\u00fcd\u00fcr\u00fc Burhan Demirk\u0131ran ve okul\/kurum y\u00f6neticileri kat\u0131ld\u0131.<br \/>\n<br \/>Toplant\u0131da projenin ama\u00e7lar\u0131, kapsam\u0131 ve uygulanacak faaliyetler detayl\u0131 \u015fekilde anlat\u0131ld\u0131. Kaymakaml\u0131k AB Proje Birimi Uzman\u0131 Yavuz Erdem, projenin \u00f6\u011frencilerin sanatsal, teknik ve teknolojik becerilerini geli\u015ftirmeyi hedefledi\u011fini belirtti. \u0130l\u00e7e Milli E\u011fitim M\u00fcd\u00fcr\u00fc Mahmut Yenen ise projenin e\u011fitim kurumlar\u0131na ciddi katk\u0131lar sa\u011flayaca\u011f\u0131n\u0131 vurgulad\u0131. Toplant\u0131 sonras\u0131nda Rehberlik ve Ara\u015ft\u0131rma Merkezi\u2019nde &#8220;Yal\u0131t\u0131ml\u0131 Test Odas\u0131&#8221; a\u00e7\u0131l\u0131\u015f\u0131 yap\u0131ld\u0131. Bu \u00f6zel alan, \u00f6zel gereksinimli \u00f6\u011frenciler ve dan\u0131\u015fmanl\u0131k hizmeti alan bireyler i\u00e7in sessiz, g\u00fcvenli ve destekleyici bir ortam sa\u011flayacak.<br \/>\n<br \/>Kaymakam Ali G\u00fcldo\u011fan, projenin il\u00e7ede e\u011fitime somut katk\u0131 sunaca\u011f\u0131n\u0131 belirterek \u015funlar\u0131 ifade etti: &#8220;E\u011fitimi daha ileriye ta\u015f\u0131mak i\u00e7in t\u00fcm imk\u00e2nlar\u0131m\u0131zla gayret g\u00f6stermeye devam edece\u011fiz.&#8221; Dedi. Kaymakam G\u00fcldo\u011fan, proje kapsam\u0131nda ilk uygulaman\u0131n Salihli \u00d6zel E\u011fitim \u0130\u015f Uygulama Okulu\u2019nda &#8220;Ya\u015fam Becerileri S\u0131n\u0131f\u0131&#8221; ile ba\u015flad\u0131\u011f\u0131n\u0131 duyurdu.<br \/>\n<br \/>\u0130lerleyen s\u00fcre\u00e7te il\u00e7edeki okullarda m\u00fczik, resim, beceri, teknoloji, k\u00fct\u00fcphane, robotik ve kodlama s\u0131n\u0131flar\u0131 kurulmaya devam edecek. Proje ile Salihli\u2019de okullara beceri at\u00f6lyeleri kazand\u0131r\u0131larak, \u00fclkenin ihtiya\u00e7 duydu\u011fu nitelikli bireylerin yeti\u015ftirilmesine katk\u0131 sa\u011flanacak.<br \/><\/p>\n","protected":false},"excerpt":{"rendered":"<p>Manisa\u2019n\u0131n Salihli Kaymakaml\u0131\u011f\u0131 taraf\u0131ndan haz\u0131rlanan &#8220;Salihli E\u011fitime Destek Projesi&#8221; ile e\u011fitim kalitesini art\u0131rmay\u0131 ve \u00f6\u011frencilerin bireysel yetkinliklerini geli\u015ftirmeyi hedefleniyor. Manisa\u2019n\u0131n Salihli il\u00e7e Kaymakaml\u0131\u011f\u0131 \u00f6nc\u00fcl\u00fc\u011f\u00fcnde haz\u0131rlanan &#8220;Salihli E\u011fitime Destek Projesi&#8221;nin tan\u0131t\u0131m toplant\u0131s\u0131, Kaymakam Ali G\u00fcldo\u011fan ba\u015fkanl\u0131\u011f\u0131nda ger\u00e7ekle\u015ftirildi. \u0130l\u00e7edeki e\u011fitim kalitesini art\u0131rmay\u0131 ve \u00f6\u011frencilerin bireysel yetkinliklerini geli\u015ftirmeyi hedefleyen proje, \u00f6nemli yenilikler sunacak. Salihli \u00d6\u011fretmen Evi\u2019nde d\u00fczenlenen toplant\u0131ya&#8230;<\/p>\n","protected":false},"author":1,"featured_media":65182,"comment_status":"open","ping_status":"open","sticky":false,"template":"","format":"standard","meta":{"_crdt_document":"","footnotes":""},"categories":[1],"tags":[],"class_list":["post-65181","post","type-post","status-publish","format-standard","has-post-thumbnail","hentry","category-guncel"],"_links":{"self":[{"href":"https:\/\/www.egemtv.com\/index.php?rest_route=\/wp\/v2\/posts\/65181","targetHints":{"allow":["GET"]}}],"collection":[{"href":"https:\/\/www.egemtv.com\/index.php?rest_route=\/wp\/v2\/posts"}],"about":[{"href":"https:\/\/www.egemtv.com\/index.php?rest_route=\/wp\/v2\/types\/post"}],"author":[{"embeddable":true,"href":"https:\/\/www.egemtv.com\/index.php?rest_route=\/wp\/v2\/users\/1"}],"replies":[{"embeddable":true,"href":"https:\/\/www.egemtv.com\/index.php?rest_route=%2Fwp%2Fv2%2Fcomments&post=65181"}],"version-history":[{"count":1,"href":"https:\/\/www.egemtv.com\/index.php?rest_route=\/wp\/v2\/posts\/65181\/revisions"}],"predecessor-version":[{"id":65183,"href":"https:\/\/www.egemtv.com\/index.php?rest_route=\/wp\/v2\/posts\/65181\/revisions\/65183"}],"wp:featuredmedia":[{"embeddable":true,"href":"https:\/\/www.egemtv.com\/index.php?rest_route=\/wp\/v2\/media\/65182"}],"wp:attachment":[{"href":"https:\/\/www.egemtv.com\/index.php?rest_route=%2Fwp%2Fv2%2Fmedia&parent=65181"}],"wp:term":[{"taxonomy":"category","embeddable":true,"href":"https:\/\/www.egemtv.com\/index.php?rest_route=%2Fwp%2Fv2%2Fcategories&post=65181"},{"taxonomy":"post_tag","embeddable":true,"href":"https:\/\/www.egemtv.com\/index.php?rest_route=%2Fwp%2Fv2%2Ftags&post=65181"}],"curies":[{"name":"wp","href":"https:\/\/api.w.org\/{rel}","templated":true}]}}