{"id":65178,"date":"2025-11-01T11:54:42","date_gmt":"2025-11-01T08:54:42","guid":{"rendered":"https:\/\/www.egemtv.com\/?p=65178"},"modified":"2025-11-01T11:54:43","modified_gmt":"2025-11-01T08:54:43","slug":"ogrenci-mahallesinin-altyapisina-502-milyon-yatirim","status":"publish","type":"post","link":"https:\/\/www.egemtv.com\/?p=65178","title":{"rendered":"\u00d6\u011frenci mahallesinin altyap\u0131s\u0131na 502 milyon yat\u0131r\u0131m"},"content":{"rendered":"<p>Mu\u011fla B\u00fcy\u00fck\u015fehir Belediyesi, 502 milyon 28 bin TL yat\u0131r\u0131mla \u00fcniversite \u00f6\u011frencilerinin yo\u011funlukla ya\u015fad\u0131\u011f\u0131 Mente\u015fe il\u00e7esinin K\u00f6tekli ve Yenik\u00f6y mahallelerinde y\u00fcr\u00fctt\u00fc\u011f\u00fc yol ve altyap\u0131 \u00e7al\u0131\u015fmalar\u0131na t\u00fcm h\u0131z\u0131yla devam ediyor.<br \/>\n<br \/>Kent genelinde ya\u015fam kalitesini y\u00fckseltmek ve modern, g\u00fcvenli bir altyap\u0131 olu\u015fturmak amac\u0131yla projelerini aral\u0131ks\u0131z s\u00fcrd\u00fcren Mu\u011fla B\u00fcy\u00fck\u015fehir Belediyesi, \u00f6zellikle \u00f6\u011frencilerin yo\u011fun olarak ya\u015fad\u0131\u011f\u0131 \u00fcniversite yerle\u015fkesinin de bulundu\u011fu K\u00f6tekli ve Yenik\u00f6y mahallelerinde kapsaml\u0131 bir yenileme \u00e7al\u0131\u015fmas\u0131 y\u00fcr\u00fct\u00fcyor.<br \/>\n<br \/>Projenin kapsam\u0131 ve s\u00fcreci hakk\u0131nda vatanda\u015flar\u0131n bilgi sahibi olabilmesi i\u00e7in B\u00fcy\u00fck\u015fehir Belediyesi ekipleri, mahallelerde bilgilendirme bro\u015f\u00fcrleri da\u011f\u0131tarak \u00e7al\u0131\u015fman\u0131n detaylar\u0131n\u0131 anlatt\u0131.<br \/>\n<br \/>K\u00f6tekli ile Yenik\u00f6y Modern ve G\u00fcvenli Yola Kavu\u015facak<br \/>\n<br \/>Proje kapsam\u0131nda K\u00f6tekli Mahallesi S\u0131tk\u0131 Ko\u00e7man Caddesi\u2019nde 2 bin 200 metre, Yenik\u00f6y Mahallesi 404 Sokak\u2019ta ise bin 500 metreye ula\u015fan g\u00fczerg\u00e2hta kald\u0131r\u0131m, plentmix temel, binder, a\u015f\u0131nma ve reglaj \u00e7al\u0131\u015fmalar\u0131 yap\u0131lacak. Toplam 3 bin 700 metre s\u0131cak asfalt serimi ile yollar modern ve g\u00fcvenli hale getirilecek.<br \/>\n<br \/>Proje ile 7 bin metre ya\u011fmursuyu hatt\u0131, 6 bin metre i\u00e7me suyu hatt\u0131 d\u00f6\u015fenecek ayr\u0131ca 200 metrelik dere \u0131slah\u0131 yap\u0131lacak ve g\u00fczerg\u00e2h \u00fczerinde 2 adet k\u00f6pr\u00fc niteli\u011finde menfez in\u015fa edilecek.<br \/>\n<br \/>\u0130\u015fletmeci Ecrin Sava\u015f, &#8220;Yerel halk ve \u00f6\u011frenciyi hitap eden kesim oldu\u011fu i\u00e7in Yenik\u00f6y ve K\u00f6tekli Mahallesinde herkes i\u00e7in iyi ve ferah bir ortam olaca\u011f\u0131n\u0131 d\u00fc\u015f\u00fcn\u00fcyorum. Bu altyap\u0131 projesinde eme\u011fi ge\u00e7en herkese \u00e7ok te\u015fekk\u00fcr ediyoruz. \u0130n\u015fallah en k\u0131sa zamanda tamamlan\u0131r ve hem yerel halk, hem de bizler faydalanabiliriz&#8221; dedi.<br \/>\n<br \/>\u00c7al\u0131\u015fmalar\u0131n h\u0131zla devam etti\u011fini kaydeden K\u00f6tekli Mahalle Muhtar\u0131 Yusuf \u00c7etin, &#8220;\u00d6ncelikle eme\u011fi ge\u00e7enlere te\u015fekk\u00fcr ediyoruz. K\u00f6tekli Mahallemizin yollar\u0131 eskimi\u015f idi. Yollar\u0131n yap\u0131lmas\u0131 gerekiyordu. Bu konuda \u00e7al\u0131\u015fmalar ba\u015flan\u0131ld\u0131. \u015eu anda dereler \u0131slah ediliyor, yeni k\u00f6pr\u00fcler yap\u0131l\u0131yor&#8221; dedi.<br \/>\n<br \/>Mu\u011fla B\u00fcy\u00fck\u015fehir Belediyesi Fen \u0130\u015fleri Dairesi Ba\u015fkanl\u0131\u011f\u0131nda g\u00f6revli \u0130n\u015faat M\u00fchendisi \u0130pek Dela Ayd\u0131n, \u00e7al\u0131\u015fmalar\u0131n 5 etapta tamamlanmas\u0131n\u0131n planland\u0131\u011f\u0131n\u0131 belirterek, &#8220;Mente\u015fe il\u00e7emiz K\u00f6tekli ve Yenik\u00f6y mahallelerimizi kapsayan yol, altyap\u0131, kald\u0131r\u0131m, \u00e7evre d\u00fczenlemesi ve peyzaj i\u015flerine kapsayan yap\u0131m i\u015fimizin 5 etapta tamamlanmas\u0131n\u0131 planl\u0131yoruz. \u015eu ana kadar tamamlanan imalatlar\u0131m\u0131z, ya\u011fmur suyu tahliyesi i\u00e7in 1. etapta yap\u0131m\u0131 planlanan 785 metre menfezin 355 metresi tamamland\u0131. Ya\u011fmur suyu imalatlar\u0131 kapsam\u0131nda 140 metre tip direnaj borusu yerle\u015ftirildi. 950 metre asfalt s\u00f6k\u00fcm\u00fcm\u00fcz\u00fc tamamlad\u0131k. Yap\u0131lacak olan peyzaj\u0131n sulamas\u0131 i\u00e7in 576 m3\u2019l\u00fck sulama depomuzu in\u015fa ettik. Mu\u011fla B\u00fcy\u00fck\u015fehir Belediye Ba\u015fkan\u0131m\u0131z Say\u0131n Ahmet Aras\u2019\u0131n \u00f6nderli\u011finde projemiz ile K\u00f6tekli ve Yenik\u00f6y\u2019e altyap\u0131, \u00fcst yap\u0131 ve \u00e7evre d\u00fczenlemeleri ile yeni bir \u00e7ehre kazand\u0131rmak i\u00e7in durmaks\u0131z\u0131n \u00e7al\u0131\u015f\u0131yoruz&#8221; dedi.<br \/>\n<br \/>K\u0131y\u0131 Ege Belediyeler Birli\u011fi ve Mu\u011fla B\u00fcy\u00fck\u015fehir Belediye Ba\u015fkan\u0131 Ahmet Aras, Mu\u011fla\u2019n\u0131n her k\u00f6\u015fesinde vatanda\u015flar\u0131n ya\u015fam kalitesini art\u0131rmak, \u00e7a\u011fda\u015f, g\u00fcvenli ve s\u00fcrd\u00fcr\u00fclebilir bir \u015fehir altyap\u0131s\u0131 olu\u015fturmak i\u00e7in \u00e7al\u0131\u015ft\u0131klar\u0131n\u0131 belirterek, K\u00f6tekli ve Yenik\u00f6y mahallelerinin hem yerel halk\u0131n, hem de \u00fcniversite \u00f6\u011frencilerinin bir arada ya\u015fad\u0131\u011f\u0131 dinamik b\u00f6lgeler oldu\u011funu, burada ba\u015flatt\u0131klar\u0131 projenin yaln\u0131zca bir yol veya altyap\u0131 \u00e7al\u0131\u015fmas\u0131 de\u011fil; ayn\u0131 zamanda kentin kimli\u011fini g\u00fc\u00e7lendiren, ya\u015fam standartlar\u0131n\u0131 y\u00fckselten bir d\u00f6n\u00fc\u015f\u00fcm projesi oldu\u011funu a\u00e7\u0131klad\u0131.<br \/><\/p>\n","protected":false},"excerpt":{"rendered":"<p>Mu\u011fla B\u00fcy\u00fck\u015fehir Belediyesi, 502 milyon 28 bin TL yat\u0131r\u0131mla \u00fcniversite \u00f6\u011frencilerinin yo\u011funlukla ya\u015fad\u0131\u011f\u0131 Mente\u015fe il\u00e7esinin K\u00f6tekli ve Yenik\u00f6y mahallelerinde y\u00fcr\u00fctt\u00fc\u011f\u00fc yol ve altyap\u0131 \u00e7al\u0131\u015fmalar\u0131na t\u00fcm h\u0131z\u0131yla devam ediyor. Kent genelinde ya\u015fam kalitesini y\u00fckseltmek ve modern, g\u00fcvenli bir altyap\u0131 olu\u015fturmak amac\u0131yla projelerini aral\u0131ks\u0131z s\u00fcrd\u00fcren Mu\u011fla B\u00fcy\u00fck\u015fehir Belediyesi, \u00f6zellikle \u00f6\u011frencilerin yo\u011fun olarak ya\u015fad\u0131\u011f\u0131 \u00fcniversite yerle\u015fkesinin de bulundu\u011fu&#8230;<\/p>\n","protected":false},"author":1,"featured_media":65179,"comment_status":"open","ping_status":"open","sticky":false,"template":"","format":"standard","meta":{"_crdt_document":"","footnotes":""},"categories":[125],"tags":[],"class_list":["post-65178","post","type-post","status-publish","format-standard","has-post-thumbnail","hentry","category-ekonomi"],"_links":{"self":[{"href":"https:\/\/www.egemtv.com\/index.php?rest_route=\/wp\/v2\/posts\/65178","targetHints":{"allow":["GET"]}}],"collection":[{"href":"https:\/\/www.egemtv.com\/index.php?rest_route=\/wp\/v2\/posts"}],"about":[{"href":"https:\/\/www.egemtv.com\/index.php?rest_route=\/wp\/v2\/types\/post"}],"author":[{"embeddable":true,"href":"https:\/\/www.egemtv.com\/index.php?rest_route=\/wp\/v2\/users\/1"}],"replies":[{"embeddable":true,"href":"https:\/\/www.egemtv.com\/index.php?rest_route=%2Fwp%2Fv2%2Fcomments&post=65178"}],"version-history":[{"count":1,"href":"https:\/\/www.egemtv.com\/index.php?rest_route=\/wp\/v2\/posts\/65178\/revisions"}],"predecessor-version":[{"id":65180,"href":"https:\/\/www.egemtv.com\/index.php?rest_route=\/wp\/v2\/posts\/65178\/revisions\/65180"}],"wp:featuredmedia":[{"embeddable":true,"href":"https:\/\/www.egemtv.com\/index.php?rest_route=\/wp\/v2\/media\/65179"}],"wp:attachment":[{"href":"https:\/\/www.egemtv.com\/index.php?rest_route=%2Fwp%2Fv2%2Fmedia&parent=65178"}],"wp:term":[{"taxonomy":"category","embeddable":true,"href":"https:\/\/www.egemtv.com\/index.php?rest_route=%2Fwp%2Fv2%2Fcategories&post=65178"},{"taxonomy":"post_tag","embeddable":true,"href":"https:\/\/www.egemtv.com\/index.php?rest_route=%2Fwp%2Fv2%2Ftags&post=65178"}],"curies":[{"name":"wp","href":"https:\/\/api.w.org\/{rel}","templated":true}]}}