{"id":65175,"date":"2025-11-01T11:35:55","date_gmt":"2025-11-01T08:35:55","guid":{"rendered":"https:\/\/www.egemtv.com\/?p=65175"},"modified":"2025-11-01T11:35:56","modified_gmt":"2025-11-01T08:35:56","slug":"guvenlik-kamerasina-borulu-mudahale","status":"publish","type":"post","link":"https:\/\/www.egemtv.com\/?p=65175","title":{"rendered":"G\u00fcvenlik kameras\u0131na borulu m\u00fcdahale"},"content":{"rendered":"<p>Ayd\u0131n\u2019\u0131n Didim il\u00e7esinde belediye hizmet alan\u0131n\u0131 g\u00f6r\u00fcnt\u00fcleyen g\u00fcvenlik kameras\u0131na bir \u015fah\u0131s taraf\u0131ndan zarar verirken, \u015fah\u0131s hakk\u0131nda su\u00e7 duyurusunda bulunuldu.<\/p>\n<p>Didim\u2019de belediyenin hizmet alanlar\u0131n\u0131 g\u00f6r\u00fcnt\u00fcleyen g\u00fcvenlik kameras\u0131na bir \u015fah\u0131s taraf\u0131ndan boru ile zarar verildi. Belediye \u015fah\u0131stan \u015fikayet\u00e7i olarak su\u00e7 duyurusunda bulundu.<\/p>\n<p>Didim Belediyesi\u2019nden yap\u0131lan a\u00e7\u0131klamada, &#8220;Belediyemiz hizmet alanlar\u0131n\u0131n g\u00fcvenli\u011fini sa\u011flamak amac\u0131yla yerle\u015ftirilen g\u00fcvenlik kameralar\u0131na zarar verildi\u011fi ve cihazlar\u0131n kullan\u0131lamaz hale getirildi\u011fi tespit edilmi\u015ftir. Konuya ili\u015fkin olarak ilgili \u015fah\u0131s hakk\u0131nda su\u00e7 duyurusunda bulunulmu\u015f ve yasal s\u00fcre\u00e7 ba\u015flat\u0131lm\u0131\u015ft\u0131r. Kamu mallar\u0131na zarar vermek, halk\u0131m\u0131z\u0131n ortak varl\u0131klar\u0131na zarar vermek anlam\u0131na gelmektedir. Bu t\u00fcr eylemlere kar\u015f\u0131 gerekli hukuki i\u015flemler kararl\u0131l\u0131kla s\u00fcrd\u00fcr\u00fclecek olup, halk\u0131m\u0131z\u0131n da kamu mallar\u0131n\u0131n korunmas\u0131 konusunda duyarl\u0131l\u0131k g\u00f6stermesi b\u00fcy\u00fck \u00f6nem ta\u015f\u0131maktad\u0131r&#8221; denildi.<br \/><\/p>\n","protected":false},"excerpt":{"rendered":"<p>Ayd\u0131n\u2019\u0131n Didim il\u00e7esinde belediye hizmet alan\u0131n\u0131 g\u00f6r\u00fcnt\u00fcleyen g\u00fcvenlik kameras\u0131na bir \u015fah\u0131s taraf\u0131ndan zarar verirken, \u015fah\u0131s hakk\u0131nda su\u00e7 duyurusunda bulunuldu. Didim\u2019de belediyenin hizmet alanlar\u0131n\u0131 g\u00f6r\u00fcnt\u00fcleyen g\u00fcvenlik kameras\u0131na bir \u015fah\u0131s taraf\u0131ndan boru ile zarar verildi. Belediye \u015fah\u0131stan \u015fikayet\u00e7i olarak su\u00e7 duyurusunda bulundu. Didim Belediyesi\u2019nden yap\u0131lan a\u00e7\u0131klamada, &#8220;Belediyemiz hizmet alanlar\u0131n\u0131n g\u00fcvenli\u011fini sa\u011flamak amac\u0131yla yerle\u015ftirilen g\u00fcvenlik kameralar\u0131na zarar verildi\u011fi&#8230;<\/p>\n","protected":false},"author":1,"featured_media":65176,"comment_status":"open","ping_status":"open","sticky":false,"template":"","format":"standard","meta":{"_crdt_document":"","footnotes":""},"categories":[5],"tags":[],"class_list":["post-65175","post","type-post","status-publish","format-standard","has-post-thumbnail","hentry","category-asayis"],"_links":{"self":[{"href":"https:\/\/www.egemtv.com\/index.php?rest_route=\/wp\/v2\/posts\/65175","targetHints":{"allow":["GET"]}}],"collection":[{"href":"https:\/\/www.egemtv.com\/index.php?rest_route=\/wp\/v2\/posts"}],"about":[{"href":"https:\/\/www.egemtv.com\/index.php?rest_route=\/wp\/v2\/types\/post"}],"author":[{"embeddable":true,"href":"https:\/\/www.egemtv.com\/index.php?rest_route=\/wp\/v2\/users\/1"}],"replies":[{"embeddable":true,"href":"https:\/\/www.egemtv.com\/index.php?rest_route=%2Fwp%2Fv2%2Fcomments&post=65175"}],"version-history":[{"count":1,"href":"https:\/\/www.egemtv.com\/index.php?rest_route=\/wp\/v2\/posts\/65175\/revisions"}],"predecessor-version":[{"id":65177,"href":"https:\/\/www.egemtv.com\/index.php?rest_route=\/wp\/v2\/posts\/65175\/revisions\/65177"}],"wp:featuredmedia":[{"embeddable":true,"href":"https:\/\/www.egemtv.com\/index.php?rest_route=\/wp\/v2\/media\/65176"}],"wp:attachment":[{"href":"https:\/\/www.egemtv.com\/index.php?rest_route=%2Fwp%2Fv2%2Fmedia&parent=65175"}],"wp:term":[{"taxonomy":"category","embeddable":true,"href":"https:\/\/www.egemtv.com\/index.php?rest_route=%2Fwp%2Fv2%2Fcategories&post=65175"},{"taxonomy":"post_tag","embeddable":true,"href":"https:\/\/www.egemtv.com\/index.php?rest_route=%2Fwp%2Fv2%2Ftags&post=65175"}],"curies":[{"name":"wp","href":"https:\/\/api.w.org\/{rel}","templated":true}]}}