{"id":65172,"date":"2025-11-01T11:16:18","date_gmt":"2025-11-01T08:16:18","guid":{"rendered":"https:\/\/www.egemtv.com\/?p=65172"},"modified":"2025-11-01T11:16:19","modified_gmt":"2025-11-01T08:16:19","slug":"baskan-aras-bizler-gunu-kurtaran-degil-yarini-kuran-isler-icin-calisacagiz","status":"publish","type":"post","link":"https:\/\/www.egemtv.com\/?p=65172","title":{"rendered":"Ba\u015fkan Aras: &#8220;Bizler g\u00fcn\u00fc kurtaran de\u011fil, yar\u0131n\u0131 kuran i\u015fler i\u00e7in \u00e7al\u0131\u015faca\u011f\u0131z&#8221;"},"content":{"rendered":"<p>Ba\u015fkanl\u0131\u011f\u0131n\u0131 K\u0131y\u0131 Ege Belediyeler Birli\u011fi ve Mu\u011fla B\u00fcy\u00fck\u015fehir Belediye Ba\u015fkan\u0131 Ahmet Aras\u2019\u0131n yapt\u0131\u011f\u0131 K\u0131y\u0131 Ege Belediyeler Birli\u011fi Meclisi, 2025 y\u0131l\u0131 Ekim ay\u0131 ola\u011fan toplant\u0131s\u0131n\u0131 \u0130zmir\u2019de ger\u00e7ekle\u015ftirdi. Birlik t\u00fcz\u00fc\u011f\u00fcn\u00fcn 13. maddesi gere\u011fi d\u00fczenlenen toplant\u0131, 31 Ekim 2025 Cuma g\u00fcn\u00fc saat 14.00\u2019te Bal\u00e7ova\u2019da yap\u0131ld\u0131. Toplant\u0131ya, Birli\u011fe \u00fcye belediyelerin ba\u015fkanlar\u0131 ve meclis \u00fcyeleri kat\u0131ld\u0131.<br \/>\n<br \/>Toplant\u0131da birli\u011fe yeni \u00fcye olma talebinde bulunan belediyelerin ba\u015fvurular\u0131 de\u011ferlendirildi ve oylamaya sunuldu. Ayr\u0131ca 2026 y\u0131l\u0131 \u00e7al\u0131\u015fma plan\u0131 ve mali b\u00fct\u00e7e tasar\u0131s\u0131 g\u00f6r\u00fc\u015f\u00fclerek karara ba\u011fland\u0131. Komisyon raporlar\u0131n\u0131n da ele al\u0131nd\u0131\u011f\u0131 toplant\u0131da, \u00f6n\u00fcm\u00fczdeki d\u00f6neme ili\u015fkin i\u015f birli\u011fi ve ortak projeler hakk\u0131nda g\u00f6r\u00fc\u015f al\u0131\u015fveri\u015finde bulunuldu.<br \/>\n<br \/>Ba\u015fkan Aras: &#8220;Birlikte geli\u015ftirdi\u011fimiz vizyonu b\u00f6lgeye yay\u0131yoruz&#8221;<br \/>\n<br \/>K\u0131y\u0131 Ege Belediyeler Birli\u011fi ve Mu\u011fla B\u00fcy\u00fck\u015fehir Belediye Ba\u015fkan\u0131 Ahmet Aras, &#8220;Birlikler, b\u00f6lgesel kalk\u0131nman\u0131n anahtar\u0131d\u0131r. \u00c7\u00fcnk\u00fc belediyeler, birbirinden \u00f6\u011frenerek g\u00fc\u00e7lenir. Deneyimler payla\u015f\u0131ld\u0131k\u00e7a, uygulamalar ortakla\u015ft\u0131r\u0131ld\u0131k\u00e7a ve birikimler geni\u015fletildik\u00e7e, tek bir kentin ba\u015far\u0131s\u0131 b\u00fct\u00fcn bir b\u00f6lgenin kazan\u0131m\u0131na d\u00f6n\u00fc\u015f\u00fcr. Bizler, \u015fehirlerimizde halk\u0131m\u0131z\u0131n refah\u0131 i\u00e7in \u00fcretti\u011fimiz her hizmeti ortakla\u015ft\u0131rarak b\u00fcy\u00fct\u00fcyor, birlikte geli\u015ftirdi\u011fimiz vizyonu b\u00f6lgeye yay\u0131yoruz&#8221; dedi.<br \/>\n<br \/>Ba\u015fkan Aras: &#8220;Birli\u011fimiz ulusal \u00f6l\u00e7ekte b\u00fcy\u00fcyen bir a\u011f haline geldi&#8221;<br \/>\n<br \/>Ba\u015fkan Aras: &#8220;K\u0131y\u0131 Ege Belediyeler Birli\u011fimiz, her ge\u00e7en g\u00fcn etki alan\u0131n\u0131 geni\u015fletiyor. Birli\u011fimiz yaln\u0131zca k\u0131y\u0131 kentleriyle s\u0131n\u0131rl\u0131 kalmam\u0131\u015f, T\u00fcrkiye\u2019nin d\u00f6rt bir yan\u0131ndan belediyelerin aram\u0131za kat\u0131lmas\u0131yla ulusal \u00f6l\u00e7ekte b\u00fcy\u00fcyen bir a\u011f haline gelmi\u015ftir. K\u0131y\u0131 Ege Belediyeler Birli\u011fi olarak \u00f6zellikle bilimsel alanda y\u00fcr\u00fctt\u00fc\u011f\u00fcm\u00fcz \u00e7al\u0131\u015ftaylarla b\u00f6lgemizin sorunlar\u0131n\u0131 kal\u0131c\u0131 olarak \u00e7\u00f6zmek i\u00e7in yeni yollar ar\u0131yoruz. Bilim insanlar\u0131n\u0131, yerel y\u00f6netimleri, kamu kurumlar\u0131n\u0131, meslek odalar\u0131n\u0131, sivil toplum \u00f6rg\u00fctlerini ve uluslararas\u0131 kurulu\u015flar\u0131 bir araya getiriyor; ortak ak\u0131lla b\u00f6lgemiz i\u00e7in kal\u0131c\u0131 \u00e7\u00f6z\u00fcmler \u00fcretiyoruz&#8221;<br \/>\n<br \/>Ba\u015fkan Aras: &#8220;Yerel y\u00f6netimler ve merkezi y\u00f6netim bir b\u00fct\u00fcnd\u00fcr&#8221;<br \/>\n<br \/>Belediyelerin artan sorumluluklar\u0131na g\u00f6re azalan b\u00fct\u00e7elerine de\u011finen Ba\u015fkan Aras, &#8220;Belediyeler, kendi sorumluluk alan\u0131n\u0131n \u00f6tesine ge\u00e7erek halk\u0131n temel ihtiya\u00e7lar\u0131n\u0131 kar\u015f\u0131lamaya \u00e7al\u0131\u015f\u0131yor. Kre\u015fler, huzurevleri, \u00f6\u011frenci yurtlar\u0131 ve kent lokantalar\u0131 a\u00e7mak durumunda kal\u0131yor. Bug\u00fcn belediyeler, her alanda ve herkes i\u00e7in hizmet \u00fcretmeye \u00e7al\u0131\u015f\u0131yor. Kent yoksullu\u011fuyla m\u00fccadele i\u00e7in b\u00fct\u00e7elerimizin \u00f6nemli bir b\u00f6l\u00fcm\u00fcn\u00fc sosyal desteklere ayr\u0131l\u0131yoruz. Yerel y\u00f6netimler ve merkezi y\u00f6netim bir b\u00fct\u00fcnd\u00fcr. Bizler hizmeti halka ula\u015ft\u0131ran ilk halkay\u0131z. Merkezi y\u00f6netim, yerel y\u00f6netimler, kamu ve \u00f6zel kurumlar halk\u0131m\u0131z\u0131n refah\u0131 i\u00e7in birlikte \u00e7al\u0131\u015fmal\u0131d\u0131r&#8221; dedi.<br \/>\n<br \/>Aras: &#8220;Kentlerimiz gelece\u011fe haz\u0131rlayan projelere devam edece\u011fiz&#8221;<br \/>\n<br \/>Yerel y\u00f6netimlerin halk\u0131n ve \u015fehirlerin gelece\u011fini etkiledi\u011fine de\u011finen Ba\u015fkan Aras, &#8220;Yerel y\u00f6netimler, demokrasinin ve kalk\u0131nman\u0131n en g\u00fc\u00e7l\u00fc kaleleridir. Bizler, \u015fartlar ne olursa olsun vatanda\u015f\u0131m\u0131z\u0131n refah\u0131n\u0131 art\u0131racak, kentlerimizi gelece\u011fe haz\u0131rlayacak projeleri hayata ge\u00e7irmeye devam edece\u011fiz.<br \/>\n<br \/>Amac\u0131m\u0131z: Afetlere kar\u015f\u0131 diren\u00e7li, iklim dostu kentler kurmak, kad\u0131nlar\u0131n, gen\u00e7lerin ve \u00e7ocuklar\u0131n ya\u015fam\u0131n \u00f6znesi oldu\u011fu demokratik bir yap\u0131 in\u015fa etmek, \u00fcreticiyi, k\u00f6yl\u00fcy\u00fc ve emek\u00e7iyi destekleyen, adil ve \u00fcretken bir ekonomi olu\u015fturmak, k\u00fclt\u00fcr\u00fc, tarihi ve ortak de\u011ferleri gelece\u011fe ta\u015f\u0131mak ve yerelden y\u00fckselen kalk\u0131nmay\u0131 \u00fclke geneline yaymakt\u0131r. Do\u011fas\u0131yla bar\u0131\u015f\u0131k, altyap\u0131s\u0131yla g\u00fc\u00e7l\u00fc, sosyal yap\u0131s\u0131yla adil, y\u00f6netimiyle kat\u0131l\u0131mc\u0131, ekonomik yap\u0131s\u0131yla \u00fcretken kentler in\u015fa etmek i\u00e7in canla ba\u015fla \u00e7al\u0131\u015f\u0131yoruz. Birli\u011fimizin g\u00fcc\u00fc ortak ak\u0131ldan ve dayan\u0131\u015fmadan do\u011fuyor. Bizler g\u00fcn\u00fc kurtaran de\u011fil, yar\u0131n\u0131 kuran i\u015fler i\u00e7in ortak ak\u0131lla, ortak vizyonla \u00e7al\u0131\u015fmaya devam edece\u011fiz&#8221; dedi.<br \/><\/p>\n","protected":false},"excerpt":{"rendered":"<p>Ba\u015fkanl\u0131\u011f\u0131n\u0131 K\u0131y\u0131 Ege Belediyeler Birli\u011fi ve Mu\u011fla B\u00fcy\u00fck\u015fehir Belediye Ba\u015fkan\u0131 Ahmet Aras\u2019\u0131n yapt\u0131\u011f\u0131 K\u0131y\u0131 Ege Belediyeler Birli\u011fi Meclisi, 2025 y\u0131l\u0131 Ekim ay\u0131 ola\u011fan toplant\u0131s\u0131n\u0131 \u0130zmir\u2019de ger\u00e7ekle\u015ftirdi. Birlik t\u00fcz\u00fc\u011f\u00fcn\u00fcn 13. maddesi gere\u011fi d\u00fczenlenen toplant\u0131, 31 Ekim 2025 Cuma g\u00fcn\u00fc saat 14.00\u2019te Bal\u00e7ova\u2019da yap\u0131ld\u0131. Toplant\u0131ya, Birli\u011fe \u00fcye belediyelerin ba\u015fkanlar\u0131 ve meclis \u00fcyeleri kat\u0131ld\u0131. Toplant\u0131da birli\u011fe yeni \u00fcye&#8230;<\/p>\n","protected":false},"author":1,"featured_media":65173,"comment_status":"open","ping_status":"open","sticky":false,"template":"","format":"standard","meta":{"_crdt_document":"","footnotes":""},"categories":[127],"tags":[],"class_list":["post-65172","post","type-post","status-publish","format-standard","has-post-thumbnail","hentry","category-siyaset"],"_links":{"self":[{"href":"https:\/\/www.egemtv.com\/index.php?rest_route=\/wp\/v2\/posts\/65172","targetHints":{"allow":["GET"]}}],"collection":[{"href":"https:\/\/www.egemtv.com\/index.php?rest_route=\/wp\/v2\/posts"}],"about":[{"href":"https:\/\/www.egemtv.com\/index.php?rest_route=\/wp\/v2\/types\/post"}],"author":[{"embeddable":true,"href":"https:\/\/www.egemtv.com\/index.php?rest_route=\/wp\/v2\/users\/1"}],"replies":[{"embeddable":true,"href":"https:\/\/www.egemtv.com\/index.php?rest_route=%2Fwp%2Fv2%2Fcomments&post=65172"}],"version-history":[{"count":1,"href":"https:\/\/www.egemtv.com\/index.php?rest_route=\/wp\/v2\/posts\/65172\/revisions"}],"predecessor-version":[{"id":65174,"href":"https:\/\/www.egemtv.com\/index.php?rest_route=\/wp\/v2\/posts\/65172\/revisions\/65174"}],"wp:featuredmedia":[{"embeddable":true,"href":"https:\/\/www.egemtv.com\/index.php?rest_route=\/wp\/v2\/media\/65173"}],"wp:attachment":[{"href":"https:\/\/www.egemtv.com\/index.php?rest_route=%2Fwp%2Fv2%2Fmedia&parent=65172"}],"wp:term":[{"taxonomy":"category","embeddable":true,"href":"https:\/\/www.egemtv.com\/index.php?rest_route=%2Fwp%2Fv2%2Fcategories&post=65172"},{"taxonomy":"post_tag","embeddable":true,"href":"https:\/\/www.egemtv.com\/index.php?rest_route=%2Fwp%2Fv2%2Ftags&post=65172"}],"curies":[{"name":"wp","href":"https:\/\/api.w.org\/{rel}","templated":true}]}}