{"id":6517,"date":"2025-01-10T16:44:55","date_gmt":"2025-01-10T13:44:55","guid":{"rendered":"https:\/\/www.egemtv.com\/?p=6517"},"modified":"2025-01-10T16:45:02","modified_gmt":"2025-01-10T13:45:02","slug":"burdur-itfaiyesi-2024te-503-olaya-mudahale-etti","status":"publish","type":"post","link":"https:\/\/www.egemtv.com\/?p=6517","title":{"rendered":"Burdur \u0130tfaiyesi, 2024\u2019te 503 olaya m\u00fcdahale etti"},"content":{"rendered":"<p>Burdur \u0130tfaiyesi, 2024\u2019te yang\u0131n, trafik kazas\u0131 ve hayvan kurtarman\u0131n yer ald\u0131\u011f\u0131 503 olaya m\u00fcdahale etti.<br \/>\n<br \/>Burdur Belediyesi \u0130tfaiye M\u00fcd\u00fcrl\u00fc\u011f\u00fcn ekipleri, donan\u0131ml\u0131 kadro, modern ara\u00e7 ve ekipmanlarla, yang\u0131n, sel, su bask\u0131nlar\u0131 ile trafik kazalar\u0131na m\u00fcdahale ederek \u00e7ok say\u0131da can kurtarma operasyonu ger\u00e7ekle\u015ftirdi.<br \/>\n<br \/>Olaylara en h\u0131zl\u0131 \u015fekilde m\u00fcdahale etme ilkesiyle g\u00f6rev yapan itfaiyeciler, 2024 y\u0131l\u0131 i\u00e7erisinde 503 vakada g\u00f6rev ald\u0131. Bu vakalar\u0131n 283\u2019\u00fc yang\u0131n, 32\u2019si trafik kazas\u0131, 36\u2019s\u0131 kurtarma, 74\u2019\u00fc su bask\u0131n\u0131 ve 78\u2019inin hayvan kurtarma olaylar\u0131n olu\u015ftu\u011fu a\u00e7\u0131kland\u0131.<\/p>\n<p>Konuyla ilgili a\u00e7\u0131klama yapan Burdur Belediye Ba\u015fkan\u0131 Ali Orkun Ercengiz; \u201cVatanda\u015flar\u0131m\u0131z\u0131n can ve mal g\u00fcvenli\u011fini sa\u011flamak amac\u0131yla, \u015fehrimizin her k\u00f6\u015fesinde olu\u015fabilecek olumsuzluklara an\u0131nda m\u00fcdahale edebilmek i\u00e7in itfaiye ekiplerimiz daima n\u00f6bette. D\u00fczenli e\u011fitim ve tatbikatlarla donat\u0131lm\u0131\u015f nitelikli personelimiz, g\u00fc\u00e7l\u00fc altyap\u0131m\u0131z ve modern ara\u00e7-gere\u00e7lerimizle Burdur i\u00e7in her zaman haz\u0131r\u0131z. 2024 y\u0131l\u0131nda Burdur \u0130tfaiyesi, \u00f6zverili ve kahramanca \u00e7al\u0131\u015fmalar\u0131yla \u015fehrimizin g\u00fcvenli\u011fi konusunda \u00f6rnek bir ba\u015far\u0131 sergilemi\u015ftir. Vatanda\u015flar\u0131m\u0131z\u0131n huzur ve g\u00fcven i\u00e7inde ya\u015famalar\u0131n\u0131 sa\u011flamak, bizim en b\u00fcy\u00fck \u00f6nceli\u011fimizdir. \u0130tfaiye ekiplerimizin gayreti ve modern teknolojinin deste\u011fiyle bu hedeflere ula\u015fman\u0131n hakl\u0131 gururunu ya\u015f\u0131yoruz. Ekiplerimiz, Burdur\u2019un her b\u00f6lgesinde hayat kurtar\u0131c\u0131 bir rol \u00fcstlenerek halk\u0131m\u0131z\u0131n yan\u0131nda olmaya devam ediyor. Ayr\u0131ca, \u0130tfaiye M\u00fcd\u00fcrl\u00fc\u011f\u00fcm\u00fcz sadece ilimizde de\u011fil, 6 \u015eubat Depremi ba\u015fta olmak \u00fczere Kahramanmara\u015f, Antalya, Mu\u011fla, Ayd\u0131n, \u0130zmir, Denizli, Afyon, K\u00fctahya, Isparta ve Manisa gibi illerde meydana gelen onlarca orman yang\u0131n\u0131na m\u00fcdahale ederek bu yang\u0131nlar\u0131n s\u00f6nd\u00fcr\u00fclmesinde kritik bir rol oynam\u0131\u015ft\u0131r. Her t\u00fcrl\u00fc felaket ve acil durumda, gece g\u00fcnd\u00fcz demeden kendi ya\u015famlar\u0131n\u0131 tehlikeye atarak \u00e7al\u0131\u015fan itfaiye ekiplerimize en i\u00e7ten te\u015fekk\u00fcrlerimizi sunuyorum\u201d dedi.<br \/>\n<br \/><img fetchpriority=\"high\" decoding=\"async\" width=\"743\" height=\"734\" src=\"https:\/\/www.egemtv.com\/wp-content\/uploads\/2025\/01\/burdur-itfaiyesi-2024te-503-olaya-mudahale-etti_60c196cc165c.jpg\" class=\"attachment-full size-full not-transparent\" alt=\"\" data-has-transparency=\"false\" data-dominant-color=\"726a73\" style=\"--dominant-color: #726a73\" \/><img decoding=\"async\" width=\"1280\" height=\"960\" src=\"https:\/\/www.egemtv.com\/wp-content\/uploads\/2025\/01\/burdur-itfaiyesi-2024te-503-olaya-mudahale-etti_2a142a525b5c.jpg\" class=\"attachment-full size-full not-transparent\" alt=\"\" data-has-transparency=\"false\" data-dominant-color=\"847e79\" style=\"--dominant-color: #847e79\" \/><img decoding=\"async\" width=\"1280\" height=\"853\" src=\"https:\/\/www.egemtv.com\/wp-content\/uploads\/2025\/01\/burdur-itfaiyesi-2024te-503-olaya-mudahale-etti_5eadcf9adc95.jpg\" class=\"attachment-full size-full not-transparent\" alt=\"\" data-has-transparency=\"false\" data-dominant-color=\"58505b\" style=\"--dominant-color: #58505b\" \/><\/p>\n","protected":false},"excerpt":{"rendered":"<p>Burdur \u0130tfaiyesi, 2024\u2019te yang\u0131n, trafik kazas\u0131 ve hayvan kurtarman\u0131n yer ald\u0131\u011f\u0131 503 olaya m\u00fcdahale etti. Burdur Belediyesi \u0130tfaiye M\u00fcd\u00fcrl\u00fc\u011f\u00fcn ekipleri, donan\u0131ml\u0131 kadro, modern ara\u00e7 ve ekipmanlarla, yang\u0131n, sel, su bask\u0131nlar\u0131 ile trafik kazalar\u0131na m\u00fcdahale ederek \u00e7ok say\u0131da can kurtarma operasyonu ger\u00e7ekle\u015ftirdi. Olaylara en h\u0131zl\u0131 \u015fekilde m\u00fcdahale etme ilkesiyle g\u00f6rev yapan itfaiyeciler, 2024 y\u0131l\u0131 i\u00e7erisinde 503&#8230;<\/p>\n","protected":false},"author":1,"featured_media":6518,"comment_status":"open","ping_status":"open","sticky":false,"template":"","format":"standard","meta":{"_crdt_document":"","footnotes":""},"categories":[5],"tags":[],"class_list":["post-6517","post","type-post","status-publish","format-standard","has-post-thumbnail","hentry","category-asayis"],"_links":{"self":[{"href":"https:\/\/www.egemtv.com\/index.php?rest_route=\/wp\/v2\/posts\/6517","targetHints":{"allow":["GET"]}}],"collection":[{"href":"https:\/\/www.egemtv.com\/index.php?rest_route=\/wp\/v2\/posts"}],"about":[{"href":"https:\/\/www.egemtv.com\/index.php?rest_route=\/wp\/v2\/types\/post"}],"author":[{"embeddable":true,"href":"https:\/\/www.egemtv.com\/index.php?rest_route=\/wp\/v2\/users\/1"}],"replies":[{"embeddable":true,"href":"https:\/\/www.egemtv.com\/index.php?rest_route=%2Fwp%2Fv2%2Fcomments&post=6517"}],"version-history":[{"count":1,"href":"https:\/\/www.egemtv.com\/index.php?rest_route=\/wp\/v2\/posts\/6517\/revisions"}],"predecessor-version":[{"id":6522,"href":"https:\/\/www.egemtv.com\/index.php?rest_route=\/wp\/v2\/posts\/6517\/revisions\/6522"}],"wp:featuredmedia":[{"embeddable":true,"href":"https:\/\/www.egemtv.com\/index.php?rest_route=\/wp\/v2\/media\/6518"}],"wp:attachment":[{"href":"https:\/\/www.egemtv.com\/index.php?rest_route=%2Fwp%2Fv2%2Fmedia&parent=6517"}],"wp:term":[{"taxonomy":"category","embeddable":true,"href":"https:\/\/www.egemtv.com\/index.php?rest_route=%2Fwp%2Fv2%2Fcategories&post=6517"},{"taxonomy":"post_tag","embeddable":true,"href":"https:\/\/www.egemtv.com\/index.php?rest_route=%2Fwp%2Fv2%2Ftags&post=6517"}],"curies":[{"name":"wp","href":"https:\/\/api.w.org\/{rel}","templated":true}]}}