{"id":65169,"date":"2025-11-01T11:16:17","date_gmt":"2025-11-01T08:16:17","guid":{"rendered":"https:\/\/www.egemtv.com\/?p=65169"},"modified":"2025-11-01T11:16:18","modified_gmt":"2025-11-01T08:16:18","slug":"ucuruma-devrilen-otomobilin-kadin-surucusu-halat-yardimiyla-kurtarildi","status":"publish","type":"post","link":"https:\/\/www.egemtv.com\/?p=65169","title":{"rendered":"U\u00e7uruma devrilen otomobilin kad\u0131n s\u00fcr\u00fcc\u00fcs\u00fc halat yard\u0131m\u0131yla kurtar\u0131ld\u0131"},"content":{"rendered":"<p>Ayd\u0131n\u2019\u0131n Efeler il\u00e7esinde yakla\u015f\u0131k 80 metre u\u00e7urumdan u\u00e7an otomobilin s\u00fcr\u00fcc\u00fcs\u00fc, ekiplerin yo\u011fun \u00e7abas\u0131 sonucunda yaral\u0131 olarak kurtar\u0131ld\u0131.<br \/>\n<br \/>Olay, Efeler il\u00e7esi Dani\u015fment Mahallesi yolu \u00fczerinde sabah saatlerinde meydana geldi. Edinilen bilgiye g\u00f6re T.A. idaresindeki 09 AJE 172 plakal\u0131 otomobil, hen\u00fcz bilinmeyen bir nedenle yakla\u015f\u0131k 80 metrelik u\u00e7urumdan a\u015fa\u011f\u0131ya u\u00e7tu. A\u015fa\u011f\u0131ya u\u00e7an otomobili g\u00f6ren vatanda\u015flar durumu 112 Acil \u00c7a\u011fr\u0131 Merkezi\u2019ne bildirdi. \u0130hbar \u00fczerine b\u00f6lgeye itfaiye, jandarma, UMKE ve sa\u011fl\u0131k ekipleri sevk edildi. K\u0131sa s\u00fcrede olay yerine gelen ekipler halat yard\u0131m\u0131yla u\u00e7uruma indi. \u0130tfaiye ekipleri, otomobilde s\u0131k\u0131\u015fan kad\u0131n s\u00fcr\u00fcc\u00fcy\u00fc kurtararak sa\u011fl\u0131k ekiplerine teslim etti. Olay yerinde ilk m\u00fcdahalesi yap\u0131lan yaral\u0131 kad\u0131n, halat yard\u0131m\u0131yla u\u00e7urumdan kurtar\u0131ld\u0131. Ambulansa al\u0131nan yaral\u0131 hastaneye kald\u0131r\u0131ld\u0131. Ekipleri yo\u011fun \u00e7abas\u0131n\u0131n ard\u0131ndan s\u00fcr\u00fcc\u00fc kurtar\u0131l\u0131rken, otomobil kullan\u0131lamaz hale geldi. Olayla ilgili inceleme ba\u015flat\u0131ld\u0131.<br \/><\/p>\n","protected":false},"excerpt":{"rendered":"<p>Ayd\u0131n\u2019\u0131n Efeler il\u00e7esinde yakla\u015f\u0131k 80 metre u\u00e7urumdan u\u00e7an otomobilin s\u00fcr\u00fcc\u00fcs\u00fc, ekiplerin yo\u011fun \u00e7abas\u0131 sonucunda yaral\u0131 olarak kurtar\u0131ld\u0131. Olay, Efeler il\u00e7esi Dani\u015fment Mahallesi yolu \u00fczerinde sabah saatlerinde meydana geldi. Edinilen bilgiye g\u00f6re T.A. idaresindeki 09 AJE 172 plakal\u0131 otomobil, hen\u00fcz bilinmeyen bir nedenle yakla\u015f\u0131k 80 metrelik u\u00e7urumdan a\u015fa\u011f\u0131ya u\u00e7tu. A\u015fa\u011f\u0131ya u\u00e7an otomobili g\u00f6ren vatanda\u015flar durumu 112&#8230;<\/p>\n","protected":false},"author":1,"featured_media":65170,"comment_status":"open","ping_status":"open","sticky":false,"template":"","format":"standard","meta":{"_crdt_document":"","footnotes":""},"categories":[5],"tags":[],"class_list":["post-65169","post","type-post","status-publish","format-standard","has-post-thumbnail","hentry","category-asayis"],"_links":{"self":[{"href":"https:\/\/www.egemtv.com\/index.php?rest_route=\/wp\/v2\/posts\/65169","targetHints":{"allow":["GET"]}}],"collection":[{"href":"https:\/\/www.egemtv.com\/index.php?rest_route=\/wp\/v2\/posts"}],"about":[{"href":"https:\/\/www.egemtv.com\/index.php?rest_route=\/wp\/v2\/types\/post"}],"author":[{"embeddable":true,"href":"https:\/\/www.egemtv.com\/index.php?rest_route=\/wp\/v2\/users\/1"}],"replies":[{"embeddable":true,"href":"https:\/\/www.egemtv.com\/index.php?rest_route=%2Fwp%2Fv2%2Fcomments&post=65169"}],"version-history":[{"count":1,"href":"https:\/\/www.egemtv.com\/index.php?rest_route=\/wp\/v2\/posts\/65169\/revisions"}],"predecessor-version":[{"id":65171,"href":"https:\/\/www.egemtv.com\/index.php?rest_route=\/wp\/v2\/posts\/65169\/revisions\/65171"}],"wp:featuredmedia":[{"embeddable":true,"href":"https:\/\/www.egemtv.com\/index.php?rest_route=\/wp\/v2\/media\/65170"}],"wp:attachment":[{"href":"https:\/\/www.egemtv.com\/index.php?rest_route=%2Fwp%2Fv2%2Fmedia&parent=65169"}],"wp:term":[{"taxonomy":"category","embeddable":true,"href":"https:\/\/www.egemtv.com\/index.php?rest_route=%2Fwp%2Fv2%2Fcategories&post=65169"},{"taxonomy":"post_tag","embeddable":true,"href":"https:\/\/www.egemtv.com\/index.php?rest_route=%2Fwp%2Fv2%2Ftags&post=65169"}],"curies":[{"name":"wp","href":"https:\/\/api.w.org\/{rel}","templated":true}]}}