{"id":65163,"date":"2025-11-01T10:36:23","date_gmt":"2025-11-01T07:36:23","guid":{"rendered":"https:\/\/www.egemtv.com\/?p=65163"},"modified":"2025-11-01T10:36:23","modified_gmt":"2025-11-01T07:36:23","slug":"kadin-ureticilere-salep-fidesi-dagitildi","status":"publish","type":"post","link":"https:\/\/www.egemtv.com\/?p=65163","title":{"rendered":"Kad\u0131n \u00fcreticilere salep fidesi da\u011f\u0131t\u0131ld\u0131"},"content":{"rendered":"<p>Afyonkarahisar\u2019\u0131n Dinar il\u00e7esinde kad\u0131n \u00e7ift\u00e7ilere y\u00f6nelik ba\u015flat\u0131lan Salep Yeti\u015ftiricili\u011fi Projesinde fide da\u011f\u0131t\u0131m\u0131 yap\u0131ld\u0131.<br \/>\n<br \/>Fide da\u011f\u0131t\u0131m\u0131 Dinar Tar\u0131m ve Orman M\u00fcd\u00fcrl\u00fc\u011f\u00fc ekipleri taraf\u0131ndan yap\u0131ld\u0131. \u0130l\u00e7e M\u00fcd\u00fcr\u00fc Yavuz Karakuyu ve teknik personeller taraf\u0131ndan y\u00fcr\u00fct\u00fclen proje \u00e7er\u00e7evesinde fide da\u011f\u0131t\u0131mlar\u0131 ve yer kontrolleri yap\u0131ld\u0131. \u00dcretici kad\u0131nlara salep yeti\u015ftiricili\u011fi konusunda bilgilendirmelerde bulunuldu.<br \/>\n<br \/>Kad\u0131n \u00fcreticilerin ekonomiye katk\u0131 sa\u011flamas\u0131 ve tar\u0131msal alanda daha g\u00f6r\u00fcn\u00fcr hale gelmesi kendileri i\u00e7in b\u00fcy\u00fck \u00f6nem ta\u015f\u0131d\u0131\u011f\u0131n\u0131 dile getiren Karakuyu, &#8220;Proje ile il\u00e7emizde kad\u0131n istihdam\u0131 artarken, bereketli topraklar\u0131m\u0131zda salep \u00fcretimi de g\u00fc\u00e7lenmesi ama\u00e7lanmaktad\u0131r&#8221; ifadelerine yer verildi.<br \/><\/p>\n","protected":false},"excerpt":{"rendered":"<p>Afyonkarahisar\u2019\u0131n Dinar il\u00e7esinde kad\u0131n \u00e7ift\u00e7ilere y\u00f6nelik ba\u015flat\u0131lan Salep Yeti\u015ftiricili\u011fi Projesinde fide da\u011f\u0131t\u0131m\u0131 yap\u0131ld\u0131. Fide da\u011f\u0131t\u0131m\u0131 Dinar Tar\u0131m ve Orman M\u00fcd\u00fcrl\u00fc\u011f\u00fc ekipleri taraf\u0131ndan yap\u0131ld\u0131. \u0130l\u00e7e M\u00fcd\u00fcr\u00fc Yavuz Karakuyu ve teknik personeller taraf\u0131ndan y\u00fcr\u00fct\u00fclen proje \u00e7er\u00e7evesinde fide da\u011f\u0131t\u0131mlar\u0131 ve yer kontrolleri yap\u0131ld\u0131. \u00dcretici kad\u0131nlara salep yeti\u015ftiricili\u011fi konusunda bilgilendirmelerde bulunuldu. Kad\u0131n \u00fcreticilerin ekonomiye katk\u0131 sa\u011flamas\u0131 ve tar\u0131msal alanda&#8230;<\/p>\n","protected":false},"author":1,"featured_media":65164,"comment_status":"open","ping_status":"open","sticky":false,"template":"","format":"standard","meta":{"_crdt_document":"","footnotes":""},"categories":[5],"tags":[],"class_list":["post-65163","post","type-post","status-publish","format-standard","has-post-thumbnail","hentry","category-asayis"],"_links":{"self":[{"href":"https:\/\/www.egemtv.com\/index.php?rest_route=\/wp\/v2\/posts\/65163","targetHints":{"allow":["GET"]}}],"collection":[{"href":"https:\/\/www.egemtv.com\/index.php?rest_route=\/wp\/v2\/posts"}],"about":[{"href":"https:\/\/www.egemtv.com\/index.php?rest_route=\/wp\/v2\/types\/post"}],"author":[{"embeddable":true,"href":"https:\/\/www.egemtv.com\/index.php?rest_route=\/wp\/v2\/users\/1"}],"replies":[{"embeddable":true,"href":"https:\/\/www.egemtv.com\/index.php?rest_route=%2Fwp%2Fv2%2Fcomments&post=65163"}],"version-history":[{"count":1,"href":"https:\/\/www.egemtv.com\/index.php?rest_route=\/wp\/v2\/posts\/65163\/revisions"}],"predecessor-version":[{"id":65165,"href":"https:\/\/www.egemtv.com\/index.php?rest_route=\/wp\/v2\/posts\/65163\/revisions\/65165"}],"wp:featuredmedia":[{"embeddable":true,"href":"https:\/\/www.egemtv.com\/index.php?rest_route=\/wp\/v2\/media\/65164"}],"wp:attachment":[{"href":"https:\/\/www.egemtv.com\/index.php?rest_route=%2Fwp%2Fv2%2Fmedia&parent=65163"}],"wp:term":[{"taxonomy":"category","embeddable":true,"href":"https:\/\/www.egemtv.com\/index.php?rest_route=%2Fwp%2Fv2%2Fcategories&post=65163"},{"taxonomy":"post_tag","embeddable":true,"href":"https:\/\/www.egemtv.com\/index.php?rest_route=%2Fwp%2Fv2%2Ftags&post=65163"}],"curies":[{"name":"wp","href":"https:\/\/api.w.org\/{rel}","templated":true}]}}